{"id":2790,"date":"2016-03-29T19:08:49","date_gmt":"2016-03-29T19:08:49","guid":{"rendered":"https:\/\/sztab.org\/?p=2790"},"modified":"2018-04-10T09:37:46","modified_gmt":"2018-04-10T09:37:46","slug":"ustawa-antyterrorystyczna-fakty-mity","status":"publish","type":"post","link":"https:\/\/mil.link\/pl\/ustawa-antyterrorystyczna-fakty-mity\/","title":{"rendered":"Ustawa antyterrorystyczna &#8211; fakty i mity"},"content":{"rendered":"<p style=\"text-align: justify;\"><strong>Ustawa antyterrorystyczna wzbudza w\u015br\u00f3d obywateli wielkie emocje. Jak si\u0119 jednak okazuje, w wi\u0119kszo\u015bci niepotrzebnie gdy\u017c \u00f3w emocje podgrzewaj\u0105 g\u0142\u00f3wnie politycy, realizuj\u0105c swoje polityczne cele. Najcz\u0119\u015bciej bazuj\u0105 oni na\u00a0niskich pobudkach, graj\u0105c obawami obywateli o swoje bezpiecze\u0144stwo.<\/strong><\/p>\n<p style=\"text-align: justify;\">Z poni\u017cszego zestawienia og\u00f3lnych za\u0142o\u017ce\u0144 do ustawy o roboczej nazwie ustawa antyterrorystyczna, wyp\u0142ywa jeden zasadniczy wniosek, i\u017c politycy wykorzystuj\u0105 za\u0142o\u017cenia do wzajemnych oskar\u017ce\u0144 i walki politycznej, wykorzystuj\u0105c uzasadniony, spo\u0142eczny strach i obawy.<\/p>\n<p style=\"text-align: justify;\">Ustawa wed\u0142ug wst\u0119pnych i og\u00f3lnych za\u0142o\u017ce\u0144 przedstawionych przez Ministerstwo Spraw Wewn\u0119trznych i Administracji tak naprawd\u0119 nie wnosi wielkich zmian do stanu obecnego. W zamierzeniach ma regulowa\u0107 kompetencje s\u0142u\u017cb oraz zapewni\u0107 w\u0142a\u015bciw\u0105 realizacj\u0119 zada\u0144 zwi\u0105zanych z zapewnieniem bezpiecze\u0144stwa pa\u0144stwa, w zwi\u0105zku z obecnymi i potencjalnymi zagro\u017ceniami.<\/p>\n<p style=\"text-align: justify;\">Poni\u017cej zestawienie za\u0142o\u017ce\u0144 wraz z komentarzem oraz uwagami i wnioskami dotycz\u0105cymi potrzeby uregulowania zagadnie\u0144 zwi\u0105zanych z zagro\u017ceniami terrorystycznymi.<\/p>\n<blockquote class=\"twitter-tweet\" data-lang=\"pl\">\n<p dir=\"ltr\" lang=\"pl\">[INFOGRAFIKA] Najwa\u017cniejsze za\u0142o\u017cenia ustawy antyterrorystycznej <a href=\"https:\/\/t.co\/riKTeyjmqi\">pic.twitter.com\/riKTeyjmqi<\/a><\/p>\n<p>\u2014 MSWiA (@MSWiA_RP) <a href=\"https:\/\/twitter.com\/MSWiA_RP\/status\/712983484227301377\">24 marca 2016<\/a><\/p><\/blockquote>\n<p><script src=\"\/\/platform.twitter.com\/widgets.js\" async=\"\" charset=\"utf-8\"><\/script><\/p>\n<h2 style=\"text-align: justify;\">Dost\u0119p do baz<\/h2>\n<p style=\"text-align: justify;\">Ustawodawca chce zapewni\u0107 Agencji Bezpiecze\u0144stwa Wewn\u0119trznego (za po\u015brednictwem Centrum Antyterrorystycznego tej agencji) dost\u0119p do &#8222;wszystkich istotnych z punktu widzenia bezpiecze\u0144stwa pa\u0144stwa i obywateli&#8221; baz danych. Mo\u017cna przyj\u0105\u0107, \u017ce w zasadzie poza optymalizacj\u0105 dost\u0119pu a przez to cennego czasu nic si\u0119 nie zmienia. Obecnie s\u0142u\u017cby wsp\u00f3\u0142pracuj\u0105c mi\u0119dzy sob\u0105 mog\u0105 i wymieniaj\u0105 si\u0119 informacjami, jednak\u017ce jest to cz\u0119sto czasoch\u0142onne ze wzgl\u0119du na procedury i obieg informacji oraz korespondencji. Kontrowersje mo\u017ce budzi\u0107 raczej niedoprecyzowane poj\u0119cie &#8222;w trybie teletransmisji&#8221; oraz skupienie wiedzy i informacji w jednym miejscu. Rozproszenie s\u0142u\u017cb i kompetencji ma s\u0142u\u017cy\u0107\u00a0w\u0142a\u015bnie bezpiecze\u0144stwu obywateli, tak by w\u0142adza nie skupia\u0142a si\u0119 w jednym r\u0119ku. Jednak\u017ce charakter zagro\u017cenia &#8211; w tym przypadku terroryzm &#8211; uzasadnia omini\u0119cie tej zasady. Bardziej zasadnym wydaje si\u0119 zmiana ku wy\u0142\u0105czeniu Centrum Antyterrorystycznego ze struktur ABW i poszerzenia jego kompetencji o poziom decyzyjny, b\u0105d\u017a powo\u0142ania nowego organu w tym zakresie.<\/p>\n<h2 style=\"text-align: justify;\">Przeszukania i zatrzymania przez ca\u0142\u0105 dob\u0119<\/h2>\n<p style=\"text-align: justify;\">Mo\u017cliwo\u015b\u0107 przeprowadzania\u00a0przeszuka\u0144 i zatrzyma\u0144 przez ca\u0142\u0105 dob\u0119 w zwi\u0105zku z zagro\u017ceniem terrorystycznym. I w tym aspekcie tak\u017ce nie ma wielkich zmian. Obecnie zatrzyma\u0107 osob\u0119 mo\u017cna praktycznie o ka\u017cdej porze, z ma\u0142ym wy\u0142\u0105czeniem ochrony miru domowego, cz\u0119sto \u017ale interpretowanego i rozumianego przez obywateli. Ile os\u00f3b jest \u015bwiadomych, i\u017c np. przeszukanie mieszkania rozpocz\u0119te o 21:55 nie zako\u0144czy si\u0119 po 5 minutach a b\u0119dzie trwa\u0142o do skutku? Ju\u017c teraz dopuszczalne jest dzia\u0142anie przez ca\u0142\u0105 dob\u0119 w okre\u015blonym trybie i bez ogranicze\u0144. Zagro\u017cenie terroryzmem ca\u0142kowicie usprawiedliwia niedogodno\u015bci zwi\u0105zane z dzia\u0142aniem s\u0142u\u017cb, ochrona \u017cycia i zdrowia nie mo\u017ce czeka\u0107 na konkretn\u0105 godzin\u0119, liczy si\u0119 dzia\u0142anie tu i teraz.<\/p>\n<h2 style=\"text-align: justify;\">Kontrola operacyjna wobec cudzoziemc\u00f3w<\/h2>\n<p style=\"text-align: justify;\">Mo\u017cliwo\u015b\u0107 przeprowadzenia kontroli operacyjnej przez ABW wobec cudzoziemc\u00f3w podejrzewanych o terroryzm. Zmiana dotyczy\u0107 ma tego, i\u017c to Szef ABW mo\u017ce zarz\u0105dzi\u0107 kontrol\u0119 operacyjn\u0105 cudzoziemc\u00f3w i to na okres trzech miesi\u0119cy, bez zgody s\u0105du. Teoretycznie najmniej dyskutowany zapis, oczywi\u015bcie mo\u017ce by\u0107 podnoszony przez obro\u0144c\u00f3w praw cz\u0142owieka. Kontrola taka, ma jednak tyczy\u0107 si\u0119 spraw dotycz\u0105cych terroryzmu, wi\u0119c nie s\u0105 to sprawy b\u0142ahe.<\/p>\n<h2 style=\"text-align: justify;\">Zatrzymywanie os\u00f3b na 14 dni<\/h2>\n<p style=\"text-align: justify;\">Mo\u017cliwo\u015b\u0107 zatrzymywania za zgod\u0105 s\u0105du na 14 dni os\u00f3b podejrzewanych o dzia\u0142alno\u015b\u0107 terrorystyczn\u0105. Prawnicy i obro\u0144cy praw cz\u0142owieka podnosz\u0105 tu, \u017ce \u0142amana jest Konstytucja RP oraz Konwencja o ochronie praw cz\u0142owieka i podstawowych wolno\u015bci. Owszem zatrzymania mo\u017cna dokona na 48\/72 godziny bez zgody s\u0105du,\u00a0z tym, \u017ce proponowany zapis sugeruje\u00a0raczej form\u0119 aresztu ni\u017c tradycyjnego zatrzymania.<\/p>\n<h2 style=\"text-align: justify;\">Pre-paid za okazaniem dowodu<\/h2>\n<p style=\"text-align: justify;\">Jeden z bardziej krytykowanych zapis\u00f3w\u00a0to kupno telefonicznych kart pre-paid tylko za okazaniem dowodu osobistego. Pomys\u0142 mia\u0142by racj\u0119 bytu, gdyby takie rozwi\u0105zanie funkcjonowa\u0142o praktycznie na ca\u0142ym \u015bwiecie. Og\u00f3lnodost\u0119pny roaming praktycznie wyklucza skuteczno\u015b\u0107 tej metody, udost\u0119pnienie telefonu innej osobie czy zakup numeru na s\u0142upa musia\u0142by by\u0107 prawnie obarczony wysok\u0105 sankcj\u0105.<\/p>\n<h2 style=\"text-align: justify;\">Wydalanie cudzoziemc\u00f3w i zamykanie granic<\/h2>\n<p style=\"text-align: justify;\">Natychmiastowe wydalenie z kraju cudzoziemc\u00f3w stanowi\u0105cych zagro\u017cenie a tak\u017ce mo\u017cliwo\u015b\u0107 czasowego zamkni\u0119cia granic. Wydalanie poza granice Polski os\u00f3b stanowi\u0105cych zagro\u017cenie dla bezpiecze\u0144stwa pa\u0144stwa ma jedn\u0105 zasadnicz\u0105 wad\u0119 &#8211; tak\u0105 osob\u0119 \u0142atwiej straci\u0107 z oczu, ni\u017c na terenie Polski. Pytanie te\u017c, gdzie wydali\u0107 je\u015bli np. taka osoba mieszka na terenie kraju strefy Schengen, b\u0105d\u017a jej wydalenie mo\u017ce zagra\u017ca\u0107 jej wolno\u015bci, \u017cyciu lub zdrowiu?<\/p>\n<p style=\"text-align: justify;\">Zamykanie granic w przypadku zagro\u017cenia czy czasowe przywracanie kontroli na granicy\u00a0to tak\u017ce nic nowego. Polska &#8211; jak ka\u017cdy inny z cz\u0142onk\u00f3w &#8211; przyst\u0119puj\u0105c do uk\u0142adu z Schengen &#8222;otwieraj\u0105cego&#8221; granice, przyj\u0119\u0142a na siebie zobowi\u0105zania zwi\u0105zane m.in. ze zwalczaniem przest\u0119pczo\u015bci. Zapisy uk\u0142adu dopuszczaj\u0105 tak\u017ce przywracanie granic, co by\u0142o ju\u017c wykorzystywane w naszym rejonie Europy.<\/p>\n<h2 style=\"text-align: justify;\">Zawieszanie imprez masowych i zgromadze\u0144<\/h2>\n<p style=\"text-align: justify;\">Mo\u017cliwo\u015b\u0107 zawieszenia imprez masowych i zgromadze\u0144 publicznych w sytuacji realnego zagro\u017cenia zamachem terrorystycznym to chyba najbardziej krytykowane propozycje zapis\u00f3w ustawy antyterrorystycznej. Budzi on kontrowersje zamachu na demokratyczne prawa np. do demonstracji. Jednak\u017ce MSWiA zaznaczy\u0142o w informacji nt. ustawy, \u017ce taka mo\u017cliwo\u015b\u0107 funkcjonowa\u0142aby jedynie &#8222;w sytuacji realnego zagro\u017cenia&#8221;. Trudno sobie wyobrazi\u0107, by w takiej sytuacji zgody by\u0142y wydawane. Co wi\u0119cej, i ten zapis nie szczeg\u00f3lnie zmienia obecny stan rzeczy &#8211; na t\u0119 chwil\u0119, w sytuacji zagro\u017cenia terrorystycznego nikt nie wyda zgody na imprez\u0119 masow\u0105 czy zgromadzenie a nawet cofnie wydan\u0105 ju\u017c zgod\u0119. Poza tym &#8211; jak zauwa\u017cy\u0142 minister Kami\u0144ski &#8211; owe zawieszanie b\u0119dzie \u015bci\u015ble zwi\u0105zane z wprowadzonym danym stopniem alarmowym, b\u0119dzie wi\u0119c w\u0142a\u015bciwie umotywowane i podparte faktami czyli realnym zagro\u017ceniem.<\/p>\n<h2 style=\"text-align: justify;\">Podsumowanie<\/h2>\n<p style=\"text-align: justify;\">Ustawa antyterrorystyczna b\u0119dzie pierwszym aktem prawnym tej rangi dotycz\u0105cym przeciwdzia\u0142ania i zwalczania terroryzmu w III RP i dobrze, \u017ce si\u0119 w polskim ustawodawstwie w ko\u0144cu pojawi.<\/p>\n<p style=\"text-align: justify;\">Ustawa ma zawiera\u0107 katalog miejsc zagro\u017conych atakami. Otwarte pytanie to czy \u00f3w katalog nie powinien mie\u0107 charakteru niejawnego za\u0142\u0105cznika i dlaczego kontrol\u0119 plan\u00f3w ochrony ma przeprowadza\u0107 ABW? Wynika to zapewne z zapis\u00f3w o wiod\u0105cej roli ABW. I tu kolejne pytanie &#8211; a dlaczego Agencja Bezpiecze\u0144stwa Wewn\u0119trznego? Niekt\u00f3rzy eksperci podnosz\u0105, \u017ce wiod\u0105c\u0105 rol\u0119 powinna wie\u015b\u0107 policja. Po co w takim razie policji pododdzia\u0142y antyterrorystyczne czy centralne Biuro Operacji Antyterrorystycznych skoro zadania maj\u0105 zosta\u0107 oparte na wojsku?<\/p>\n<p style=\"text-align: justify;\">Pytanie oczywi\u015bcie jest prowokacyjne, bo w ramach wsp\u00f3\u0142pracy mi\u0119dzyresortowej i posiadaniu Wojsk Specjalnych na bardzo wysokim poziomie, b\u0142\u0119dem by\u0142o by nie korzysta\u0107 z ich mo\u017cliwo\u015bci. Pami\u0119ta\u0107 jednak nale\u017cy, i\u017c udzia\u0142 wojska &#8211; nie tylko specjals\u00f3w &#8211; powinien by\u0107 ostateczno\u015bci\u0105, b\u0105d\u017a\u00a0realizacj\u0105 zwi\u0105zan\u0105 ze z\u0142o\u017conym czy rozleg\u0142ym zagro\u017ceniem.<\/p>\n<p style=\"text-align: justify;\">Ustawa powinna tak\u017ce okre\u015bla\u0107, \u017ce s\u0142u\u017cby reaguj\u0105ce w ramach dzia\u0142a\u0144 antyterrorystycznych dzia\u0142aj\u0105 w ramach jednych, wsp\u00f3lnych przepis\u00f3w. Dzi\u0119ki takiemu rozwi\u0105zaniu policjanci, antyterrory\u015bci, specjalsi, spec\u017candarmii, \u017co\u0142nierze i inni uzbrojeni funkcjonariusze\u00a0b\u0119d\u0105 mogli realnie, fizycznie wsp\u00f3\u0142dzia\u0142a\u0107.<\/p>\n<p style=\"text-align: justify;\">Zapowiedzi m\u00f3wi\u0105 tak\u017ce o wprowadzeniu instytucji strza\u0142u ratunkowego. Bardzo dobre i oczekiwane rozwi\u0105zanie, zapisy te musz\u0105 uprawnia\u0107 ka\u017cdego funkcjonariusza pa\u0144stwowego do oddania strza\u0142u celem realnego wyeliminowania zagro\u017cenia i zwalnia\u0107 go z obowi\u0105zku minimalizacji skutk\u00f3w u\u017cycia broni palnej &#8211; do tego potrzeba jednak tak\u017ce nowelizacji ustawy o \u015brodkach przymusu bezpo\u015bredniego i broni palnej.<\/p>\n<p style=\"text-align: justify;\">Wprowadzana ustawa antyterrorystyczna bezwzgl\u0119dnie musi tak\u017ce okre\u015bla\u0107 wszelkie procedury i wprowadza\u0107 tzw. czarne ksi\u0119gi, reguluj\u0105ce np. kwestie zestrzelenia samolotu pasa\u017cerskiego, dzia\u0142ania na granicy pa\u0144stwa i zasad wsp\u00f3\u0142pracy mi\u0119dzynarodowej z s\u0105siadami. Okre\u015blone musz\u0105 by\u0107 stany, czasowo\u015b\u0107 wprowadzanych ogranicze\u0144 i uprawnie\u0144. Najbardziej zasadne wydaje si\u0119 wy\u0142\u0105czenie przepis\u00f3w z ustawy o zarz\u0105dzaniu kryzysowym i zapisanie regulacji w\u0142a\u015bnie we wprowadzanej ustawie.<\/p>\n<p style=\"text-align: justify;\">Ustawa musi r\u00f3wnie\u017c okre\u015bla\u0107 kto, jak i gdzie definiuje terroryzm oraz sam\u0105\u00a0implementacj\u0119 decyzji ramowych do kodeksu karnego i ewentualn\u0105 aktualizacj\u0119 czy raczej zmian\u0119. Otwarta pozostaje tak\u017ce kwestia przyj\u0119cia dotkliwszych sankcji za szeroko poj\u0119te czyny zwi\u0105zane z terroryzmem.<\/p>\n<h2 style=\"text-align: justify;\">APEL DO POLITYK\u00d3W!<\/h2>\n<p style=\"text-align: justify;\">Szanowni Pa\u0144stwo! Zamiast krytykowa\u0107 czy zachwala\u0107 ustaw\u0119, u\u017cywaj\u0105c argument\u00f3w ujmuj\u0105cych inteligencji wyborc\u00f3w, zaproponujcie sensowne zamys\u0142y rozwi\u0105za\u0144 kontrolnych\u00a0i gwarancji pa\u0144stwa wobec obywatela, by wprowadzane zapisy nie pozwoli\u0142y kiedykolwiek, jakiejkolwiek\u00a0w\u0142adzy na ich nadu\u017cywanie.<\/p>\n<p style=\"text-align: justify;\">B\u0105d\u017acie odpowiedzialnymi politykami i pami\u0119tajcie, \u017ce prawo obywatela do bezpiecze\u0144stwa jest tak\u017ce jego prawem cz\u0142owieka, o kt\u00f3re macie obowi\u0105zek dba\u0107&#8230;<\/p>\n<p style=\"text-align: justify;\">Lektura dodatkowa: <em><a href=\"https:\/\/sztab.org\/ustawa-antyterrorystyczna-konicznosc-czy-nadmuchany-balon\/\">Ustawa antyterrorystyczna &#8211; konieczno\u015b\u0107 czy nadmuchany balon<\/a><\/em><\/p>\n","protected":false},"excerpt":{"rendered":"<p>Ustawa antyterrorystyczna wzbudza w\u015br\u00f3d obywateli wielkie emocje. Jak si\u0119 jednak okazuje, w wi\u0119kszo\u015bci niepotrzebnie gdy\u017c \u00f3w emocje podgrzewaj\u0105 g\u0142\u00f3wnie politycy, realizuj\u0105c swoje polityczne cele. Najcz\u0119\u015bciej bazuj\u0105 oni na\u00a0niskich pobudkach, graj\u0105c obawami obywateli o swoje bezpiecze\u0144stwo. Z poni\u017cszego zestawienia og\u00f3lnych za\u0142o\u017ce\u0144 do ustawy o roboczej nazwie ustawa antyterrorystyczna, wyp\u0142ywa jeden zasadniczy wniosek, i\u017c politycy wykorzystuj\u0105 za\u0142o\u017cenia  &#8230;<\/p>\n","protected":false},"author":1,"featured_media":2792,"comment_status":"closed","ping_status":"open","sticky":false,"template":"single-default-ns.php","format":"standard","meta":[],"categories":[3,9,11],"tags":[238,307,328,329],"yoast_head":"<!-- This site is optimized with the Yoast SEO plugin v19.8 - https:\/\/yoast.com\/wordpress\/plugins\/seo\/ -->\n<title>Ustawa antyterrorystyczna - fakty i mity | MIL.link - edycja polska<\/title>\n<meta name=\"robots\" content=\"index, follow, max-snippet:-1, max-image-preview:large, max-video-preview:-1\" \/>\n<link rel=\"canonical\" href=\"https:\/\/mil.link\/pl\/ustawa-antyterrorystyczna-fakty-mity\/\" \/>\n<meta property=\"og:locale\" content=\"pl_PL\" \/>\n<meta property=\"og:type\" content=\"article\" \/>\n<meta property=\"og:title\" content=\"Ustawa antyterrorystyczna - fakty i mity | MIL.link - edycja polska\" \/>\n<meta property=\"og:description\" content=\"Ustawa antyterrorystyczna wzbudza w\u015br\u00f3d obywateli wielkie emocje. Jak si\u0119 jednak okazuje, w wi\u0119kszo\u015bci niepotrzebnie gdy\u017c \u00f3w emocje podgrzewaj\u0105 g\u0142\u00f3wnie politycy, realizuj\u0105c swoje polityczne cele. Najcz\u0119\u015bciej bazuj\u0105 oni na\u00a0niskich pobudkach, graj\u0105c obawami obywateli o swoje bezpiecze\u0144stwo. Z poni\u017cszego zestawienia og\u00f3lnych za\u0142o\u017ce\u0144 do ustawy o roboczej nazwie ustawa antyterrorystyczna, wyp\u0142ywa jeden zasadniczy wniosek, i\u017c politycy wykorzystuj\u0105 za\u0142o\u017cenia ...\" \/>\n<meta property=\"og:url\" content=\"https:\/\/mil.link\/pl\/ustawa-antyterrorystyczna-fakty-mity\/\" \/>\n<meta property=\"og:site_name\" content=\"MIL.link - edycja polska\" \/>\n<meta property=\"article:publisher\" content=\"https:\/\/www.facebook.com\/mildotlink\/\" \/>\n<meta property=\"article:published_time\" content=\"2016-03-29T19:08:49+00:00\" \/>\n<meta property=\"article:modified_time\" content=\"2018-04-10T09:37:46+00:00\" \/>\n<meta property=\"og:image\" content=\"https:\/\/mil.link\/pl\/wp-content\/uploads\/2016\/03\/police-1072636_1920.jpg\" \/>\n\t<meta property=\"og:image:width\" content=\"1781\" \/>\n\t<meta property=\"og:image:height\" content=\"1184\" \/>\n\t<meta property=\"og:image:type\" content=\"image\/jpeg\" \/>\n<meta name=\"author\" content=\"Artur Dubiel\" \/>\n<meta name=\"twitter:card\" content=\"summary_large_image\" \/>\n<meta name=\"twitter:creator\" content=\"@mildotlink\" \/>\n<meta name=\"twitter:site\" content=\"@mildotlink\" \/>\n<meta name=\"twitter:label1\" content=\"Napisane przez\" \/>\n\t<meta name=\"twitter:data1\" content=\"Artur Dubiel\" \/>\n\t<meta name=\"twitter:label2\" content=\"Szacowany czas czytania\" \/>\n\t<meta name=\"twitter:data2\" content=\"8 minut\" \/>\n<script type=\"application\/ld+json\" class=\"yoast-schema-graph\">{\"@context\":\"https:\/\/schema.org\",\"@graph\":[{\"@type\":\"Article\",\"@id\":\"https:\/\/mil.link\/pl\/ustawa-antyterrorystyczna-fakty-mity\/#article\",\"isPartOf\":{\"@id\":\"https:\/\/mil.link\/pl\/ustawa-antyterrorystyczna-fakty-mity\/\"},\"author\":{\"name\":\"Artur Dubiel\",\"@id\":\"https:\/\/mil.link\/pl\/#\/schema\/person\/fe18810c4c2ac9abc5735d0b0ce4881a\"},\"headline\":\"Ustawa antyterrorystyczna &#8211; fakty i mity\",\"datePublished\":\"2016-03-29T19:08:49+00:00\",\"dateModified\":\"2018-04-10T09:37:46+00:00\",\"mainEntityOfPage\":{\"@id\":\"https:\/\/mil.link\/pl\/ustawa-antyterrorystyczna-fakty-mity\/\"},\"wordCount\":1518,\"publisher\":{\"@id\":\"https:\/\/mil.link\/pl\/#organization\"},\"keywords\":[\"prawo\",\"terroryzm\",\"ustawa\",\"ustawa antyterrorystyczna\"],\"articleSection\":[\"Bezpiecze\u0144stwo\",\"S\u0142u\u017cby\",\"Terroryzm\"],\"inLanguage\":\"pl-PL\"},{\"@type\":\"WebPage\",\"@id\":\"https:\/\/mil.link\/pl\/ustawa-antyterrorystyczna-fakty-mity\/\",\"url\":\"https:\/\/mil.link\/pl\/ustawa-antyterrorystyczna-fakty-mity\/\",\"name\":\"Ustawa antyterrorystyczna - fakty i mity | MIL.link - edycja polska\",\"isPartOf\":{\"@id\":\"https:\/\/mil.link\/pl\/#website\"},\"datePublished\":\"2016-03-29T19:08:49+00:00\",\"dateModified\":\"2018-04-10T09:37:46+00:00\",\"breadcrumb\":{\"@id\":\"https:\/\/mil.link\/pl\/ustawa-antyterrorystyczna-fakty-mity\/#breadcrumb\"},\"inLanguage\":\"pl-PL\",\"potentialAction\":[{\"@type\":\"ReadAction\",\"target\":[\"https:\/\/mil.link\/pl\/ustawa-antyterrorystyczna-fakty-mity\/\"]}]},{\"@type\":\"BreadcrumbList\",\"@id\":\"https:\/\/mil.link\/pl\/ustawa-antyterrorystyczna-fakty-mity\/#breadcrumb\",\"itemListElement\":[{\"@type\":\"ListItem\",\"position\":1,\"name\":\"Strona g\u0142\u00f3wna\",\"item\":\"https:\/\/mil.link\/pl\/\"},{\"@type\":\"ListItem\",\"position\":2,\"name\":\"Ustawa antyterrorystyczna &#8211; fakty i mity\"}]},{\"@type\":\"WebSite\",\"@id\":\"https:\/\/mil.link\/pl\/#website\",\"url\":\"https:\/\/mil.link\/pl\/\",\"name\":\"MIL.link - edycja polska\",\"description\":\"\",\"publisher\":{\"@id\":\"https:\/\/mil.link\/pl\/#organization\"},\"potentialAction\":[{\"@type\":\"SearchAction\",\"target\":{\"@type\":\"EntryPoint\",\"urlTemplate\":\"https:\/\/mil.link\/pl\/?s={search_term_string}\"},\"query-input\":\"required name=search_term_string\"}],\"inLanguage\":\"pl-PL\"},{\"@type\":\"Organization\",\"@id\":\"https:\/\/mil.link\/pl\/#organization\",\"name\":\"mil.link\",\"url\":\"https:\/\/mil.link\/pl\/\",\"sameAs\":[\"https:\/\/www.facebook.com\/mildotlink\/\",\"https:\/\/twitter.com\/mildotlink\"],\"logo\":{\"@type\":\"ImageObject\",\"inLanguage\":\"pl-PL\",\"@id\":\"https:\/\/mil.link\/pl\/#\/schema\/logo\/image\/\",\"url\":\"https:\/\/mil.link\/pl\/wp-content\/uploads\/2018\/04\/millink.png\",\"contentUrl\":\"https:\/\/mil.link\/pl\/wp-content\/uploads\/2018\/04\/millink.png\",\"width\":317,\"height\":93,\"caption\":\"mil.link\"},\"image\":{\"@id\":\"https:\/\/mil.link\/pl\/#\/schema\/logo\/image\/\"}},{\"@type\":\"Person\",\"@id\":\"https:\/\/mil.link\/pl\/#\/schema\/person\/fe18810c4c2ac9abc5735d0b0ce4881a\",\"name\":\"Artur Dubiel\",\"description\":\"Pracownik naukowo - dydaktyczny, wydawca portalu MIL.link oraz podcastu \\\"Na celowniku\\\", koordynator Europejskiego Instytutu Bezpiecze\u0144stwa, asystent w Instytucie Prawa i Administracji WSB, politolog, weteran.\",\"sameAs\":[\"https:\/\/artur.tel\"],\"url\":\"https:\/\/mil.link\/pl\/author\/admin\/\"}]}<\/script>\n<!-- \/ Yoast SEO plugin. -->","yoast_head_json":{"title":"Ustawa antyterrorystyczna - fakty i mity | MIL.link - edycja polska","robots":{"index":"index","follow":"follow","max-snippet":"max-snippet:-1","max-image-preview":"max-image-preview:large","max-video-preview":"max-video-preview:-1"},"canonical":"https:\/\/mil.link\/pl\/ustawa-antyterrorystyczna-fakty-mity\/","og_locale":"pl_PL","og_type":"article","og_title":"Ustawa antyterrorystyczna - fakty i mity | MIL.link - edycja polska","og_description":"Ustawa antyterrorystyczna wzbudza w\u015br\u00f3d obywateli wielkie emocje. Jak si\u0119 jednak okazuje, w wi\u0119kszo\u015bci niepotrzebnie gdy\u017c \u00f3w emocje podgrzewaj\u0105 g\u0142\u00f3wnie politycy, realizuj\u0105c swoje polityczne cele. Najcz\u0119\u015bciej bazuj\u0105 oni na\u00a0niskich pobudkach, graj\u0105c obawami obywateli o swoje bezpiecze\u0144stwo. Z poni\u017cszego zestawienia og\u00f3lnych za\u0142o\u017ce\u0144 do ustawy o roboczej nazwie ustawa antyterrorystyczna, wyp\u0142ywa jeden zasadniczy wniosek, i\u017c politycy wykorzystuj\u0105 za\u0142o\u017cenia ...","og_url":"https:\/\/mil.link\/pl\/ustawa-antyterrorystyczna-fakty-mity\/","og_site_name":"MIL.link - edycja polska","article_publisher":"https:\/\/www.facebook.com\/mildotlink\/","article_published_time":"2016-03-29T19:08:49+00:00","article_modified_time":"2018-04-10T09:37:46+00:00","og_image":[{"width":1781,"height":1184,"url":"https:\/\/mil.link\/pl\/wp-content\/uploads\/2016\/03\/police-1072636_1920.jpg","type":"image\/jpeg"}],"author":"Artur Dubiel","twitter_card":"summary_large_image","twitter_creator":"@mildotlink","twitter_site":"@mildotlink","twitter_misc":{"Napisane przez":"Artur Dubiel","Szacowany czas czytania":"8 minut"},"schema":{"@context":"https:\/\/schema.org","@graph":[{"@type":"Article","@id":"https:\/\/mil.link\/pl\/ustawa-antyterrorystyczna-fakty-mity\/#article","isPartOf":{"@id":"https:\/\/mil.link\/pl\/ustawa-antyterrorystyczna-fakty-mity\/"},"author":{"name":"Artur Dubiel","@id":"https:\/\/mil.link\/pl\/#\/schema\/person\/fe18810c4c2ac9abc5735d0b0ce4881a"},"headline":"Ustawa antyterrorystyczna &#8211; fakty i mity","datePublished":"2016-03-29T19:08:49+00:00","dateModified":"2018-04-10T09:37:46+00:00","mainEntityOfPage":{"@id":"https:\/\/mil.link\/pl\/ustawa-antyterrorystyczna-fakty-mity\/"},"wordCount":1518,"publisher":{"@id":"https:\/\/mil.link\/pl\/#organization"},"keywords":["prawo","terroryzm","ustawa","ustawa antyterrorystyczna"],"articleSection":["Bezpiecze\u0144stwo","S\u0142u\u017cby","Terroryzm"],"inLanguage":"pl-PL"},{"@type":"WebPage","@id":"https:\/\/mil.link\/pl\/ustawa-antyterrorystyczna-fakty-mity\/","url":"https:\/\/mil.link\/pl\/ustawa-antyterrorystyczna-fakty-mity\/","name":"Ustawa antyterrorystyczna - fakty i mity | MIL.link - edycja polska","isPartOf":{"@id":"https:\/\/mil.link\/pl\/#website"},"datePublished":"2016-03-29T19:08:49+00:00","dateModified":"2018-04-10T09:37:46+00:00","breadcrumb":{"@id":"https:\/\/mil.link\/pl\/ustawa-antyterrorystyczna-fakty-mity\/#breadcrumb"},"inLanguage":"pl-PL","potentialAction":[{"@type":"ReadAction","target":["https:\/\/mil.link\/pl\/ustawa-antyterrorystyczna-fakty-mity\/"]}]},{"@type":"BreadcrumbList","@id":"https:\/\/mil.link\/pl\/ustawa-antyterrorystyczna-fakty-mity\/#breadcrumb","itemListElement":[{"@type":"ListItem","position":1,"name":"Strona g\u0142\u00f3wna","item":"https:\/\/mil.link\/pl\/"},{"@type":"ListItem","position":2,"name":"Ustawa antyterrorystyczna &#8211; fakty i mity"}]},{"@type":"WebSite","@id":"https:\/\/mil.link\/pl\/#website","url":"https:\/\/mil.link\/pl\/","name":"MIL.link - edycja polska","description":"","publisher":{"@id":"https:\/\/mil.link\/pl\/#organization"},"potentialAction":[{"@type":"SearchAction","target":{"@type":"EntryPoint","urlTemplate":"https:\/\/mil.link\/pl\/?s={search_term_string}"},"query-input":"required name=search_term_string"}],"inLanguage":"pl-PL"},{"@type":"Organization","@id":"https:\/\/mil.link\/pl\/#organization","name":"mil.link","url":"https:\/\/mil.link\/pl\/","sameAs":["https:\/\/www.facebook.com\/mildotlink\/","https:\/\/twitter.com\/mildotlink"],"logo":{"@type":"ImageObject","inLanguage":"pl-PL","@id":"https:\/\/mil.link\/pl\/#\/schema\/logo\/image\/","url":"https:\/\/mil.link\/pl\/wp-content\/uploads\/2018\/04\/millink.png","contentUrl":"https:\/\/mil.link\/pl\/wp-content\/uploads\/2018\/04\/millink.png","width":317,"height":93,"caption":"mil.link"},"image":{"@id":"https:\/\/mil.link\/pl\/#\/schema\/logo\/image\/"}},{"@type":"Person","@id":"https:\/\/mil.link\/pl\/#\/schema\/person\/fe18810c4c2ac9abc5735d0b0ce4881a","name":"Artur Dubiel","description":"Pracownik naukowo - dydaktyczny, wydawca portalu MIL.link oraz podcastu \"Na celowniku\", koordynator Europejskiego Instytutu Bezpiecze\u0144stwa, asystent w Instytucie Prawa i Administracji WSB, politolog, weteran.","sameAs":["https:\/\/artur.tel"],"url":"https:\/\/mil.link\/pl\/author\/admin\/"}]}},"_links":{"self":[{"href":"https:\/\/mil.link\/pl\/wp-json\/wp\/v2\/posts\/2790"}],"collection":[{"href":"https:\/\/mil.link\/pl\/wp-json\/wp\/v2\/posts"}],"about":[{"href":"https:\/\/mil.link\/pl\/wp-json\/wp\/v2\/types\/post"}],"author":[{"embeddable":true,"href":"https:\/\/mil.link\/pl\/wp-json\/wp\/v2\/users\/1"}],"replies":[{"embeddable":true,"href":"https:\/\/mil.link\/pl\/wp-json\/wp\/v2\/comments?post=2790"}],"version-history":[{"count":1,"href":"https:\/\/mil.link\/pl\/wp-json\/wp\/v2\/posts\/2790\/revisions"}],"predecessor-version":[{"id":3674,"href":"https:\/\/mil.link\/pl\/wp-json\/wp\/v2\/posts\/2790\/revisions\/3674"}],"wp:featuredmedia":[{"embeddable":true,"href":"https:\/\/mil.link\/pl\/wp-json\/wp\/v2\/media\/2792"}],"wp:attachment":[{"href":"https:\/\/mil.link\/pl\/wp-json\/wp\/v2\/media?parent=2790"}],"wp:term":[{"taxonomy":"category","embeddable":true,"href":"https:\/\/mil.link\/pl\/wp-json\/wp\/v2\/categories?post=2790"},{"taxonomy":"post_tag","embeddable":true,"href":"https:\/\/mil.link\/pl\/wp-json\/wp\/v2\/tags?post=2790"}],"curies":[{"name":"wp","href":"https:\/\/api.w.org\/{rel}","templated":true}]}}