{"id":2808,"date":"2016-04-04T13:20:16","date_gmt":"2016-04-04T13:20:16","guid":{"rendered":"https:\/\/sztab.org\/?p=2808"},"modified":"2018-04-10T09:37:42","modified_gmt":"2018-04-10T09:37:42","slug":"falowosc-terroryzmu","status":"publish","type":"post","link":"https:\/\/mil.link\/pl\/falowosc-terroryzmu\/","title":{"rendered":"Falowo\u015b\u0107 terroryzmu"},"content":{"rendered":"<p style=\"text-align: justify;\">Terroryzm &#8211; zjawisko, kt\u00f3re w ostatnich latach jest poruszane przez wielu specjalist\u00f3w.\u00a0 Jednak czy r\u00f3\u017cnorodno\u015b\u0107 definicji pomaga w zrozumieniu dzia\u0142a\u0144 terroryst\u00f3w?<\/p>\n<p style=\"text-align: justify;\">Analizuj\u0105c zjawisko terroryzmu nale\u017cy odnie\u015b\u0107 si\u0119 do tzw. \u201e<i>falowo\u015bci terroryzmu<\/i>\u201d, zgodnie\u00a0\u00a0z koncepcj\u0105 Davida Rapoporta. Identyfikuje si\u0119 cztery fale terroryzmu, ka\u017cda z nich determinowana by\u0142a sytuacj\u0105 polityczn\u0105 w okresie ich trwania. Pierwsza z nich odnosi\u0142a si\u0119\u00a0\u00a0do idei nacjonalistycznych wynikaj\u0105cych w szczeg\u00f3lno\u015bci z kryzysu wielkich imperi\u00f3w\u00a0w latach 1879 \u2013 1914. Obrona warto\u015bci narodowych oraz poczucie przynale\u017cno\u015bci do danego pa\u0144stwa by\u0142y g\u0142\u00f3wnymi czynnikami determinuj\u0105cymi dzia\u0142ania terroryst\u00f3w w tym okresie.<\/p>\n<p style=\"text-align: justify;\">Drug\u0105 fal\u0119 zwan\u0105 antykolonialn\u0105 wpisuje si\u0119 w czas zako\u0144czenia I wojny \u015bwiatowej oraz dw\u00f3ch dekad po II wojnie \u015bwiatowej. Terrory\u015bci w tym okresie walczyli z uciskiem wynikaj\u0105cym z kolonializmu. Funkcjonowanie organizacji terrorystycznych mia\u0142o wtedy\u00a0\u00a0na celu zapewnienie pa\u0144stwu mo\u017cliwo\u015bci samostanowienia oraz prowadzenia samodzielnej polityki bez presji silniejszych pa\u0144stw.<\/p>\n<p style=\"text-align: justify;\">Kolejna fala \u2013 rewolucyjna \u2013 przypada na po\u0142ow\u0119 lat 60. do ostatniej dekady XX wieku.\u00a0 Czynniki warunkuj\u0105ce trwa\u0142o\u015b\u0107 ka\u017cdej z wymienionych trzech fal traci\u0142y na swojej atrakcyjno\u015bci w wyniku zmieniaj\u0105cej si\u0119 sytuacji na arenie mi\u0119dzynarodowej.<\/p>\n<p style=\"text-align: justify;\">Analizuj\u0105c powy\u017csze fakty mo\u017cna stwierdzi\u0107, \u017ce ka\u017cda z fal wi\u0105\u017ce si\u0119 z jednym ludzkim pokoleniem. Zatem, je\u017celi niniejsza zasada jest aktualna we wsp\u00f3\u0142czesnym \u015bwiecie to czy obecna czwarta fala \u2013 d\u017cihad \u2013 zako\u0144czy si\u0119 w najbli\u017cszym czasie?<\/p>\n<p style=\"text-align: justify;\">Konieczne jest zidentyfikowanie obecnie wyst\u0119puj\u0105cej fali terroryzmu, co motywuje wsp\u00f3\u0142czesne organizacje terrorystyczne do prowadzenia dzia\u0142a\u0144, z czym b\u0105d\u017a z kim walcz\u0105.\u00a0Aktualnie ukszta\u0142towany \u0142ad mi\u0119dzynarodowy, rozw\u00f3j cywilizacyjny a w szczeg\u00f3lno\u015bci nowoczesne technologie przyczyni\u0142y si\u0119 do rozwarstwienia si\u0119 spo\u0142ecze\u0144stwa i pojawienia si\u0119 znacznych dysproporcji mi\u0119dzy pa\u0144stwami. W wyniku obecnie wyst\u0119puj\u0105cych uwarunkowa\u0144, <a href=\"https:\/\/sztab.org\/category\/terroryzm\/\">terroryzm<\/a> przybiera wsp\u00f3\u0142cze\u015bnie r\u00f3\u017cne formy \u2013 zorganizowane grupy oraz pojedyncze osoby nazywane samotnymi wilkami.<\/p>\n<p style=\"text-align: justify;\">Zjawisko terroryzmu IV fali mo\u017cna przyr\u00f3wna\u0107 do paraboli. Rozwa\u017caj\u0105c dynamiczno\u015b\u0107 opisywanego zjawiska mo\u017cna dostrzec fakt, \u017ce do wydarze\u0144 z 2001 roku wiele os\u00f3b nie wiedzia\u0142o o istnieniu takiego zjawiska. Zamach na World Trade Center mo\u017cna nazwa\u0107 pocz\u0105tkiem terroryzmu dzisiejszych czas\u00f3w. Prowadzenie d\u017cihadu jako walki z niewiernymi, ch\u0119\u0107 utworzenia w\u0142asnego pa\u0144stwa i szerzenia prawa szariatu na \u015bwiecie obecnie determinuje dzia\u0142ania prowadzone przez terroryst\u00f3w. Dynamiczno\u015b\u0107 terroryzmu mo\u017cna zaobserwowa\u0107 poprzez zamachy na Stany Zjednoczone, Wielk\u0105 Brytani\u0119 i Hiszpani\u0119, kt\u00f3re by\u0142y jedynie tragicznym pocz\u0105tkiem wydarze\u0144 jakie obecnie obserwujemy. Zamachy w ostatnim czasie staj\u0105 si\u0119 wr\u0119cz codzienno\u015bci\u0105 \u2013 Charlie Hebdo, restauracje, Turcja, Bruksela. Wykrycie miejsca potencjalnego zamachu staje si\u0119 coraz trudniejsze. Stan poczucia <a href=\"https:\/\/sztab.org\/category\/bezpieczenstwo\/\">bezpiecze\u0144stwa<\/a> spo\u0142eczno\u015bci mi\u0119dzynarodowej zosta\u0142 zachwiany przez pojedyncze osoby, kt\u00f3re dokonuj\u0105c zamach\u00f3w spowodowa\u0142y, \u017ce obecnie nie pytamy czy nast\u0105pi zamach terrorystyczny, lecz kiedy. Pojawia si\u0119 pytanie czy czwarta fala terroryzmu mo\u017ce trwa\u0107 d\u0142u\u017cej wcze\u015bniejsze fale? Poczucie przynale\u017cno\u015bci do religijnej grupy oraz walka o warto\u015bci religijne prawdopodobnie przyczyni\u0142y si\u0119 do stworzenia trwa\u0142ej wi\u0119zi mi\u0119dzy terrorystami, bez tworzenia podzia\u0142u na cz\u0142onk\u00f3w grupy danej organizacji, czy tez na pojedynczych zamachowc\u00f3w.<\/p>\n<p style=\"text-align: justify;\">Reasumuj\u0105c, czwarta fala terroryzmu okazuje si\u0119 o wiele bardziej destrukcyjna ni\u017c\u00a0 wszystkie wcze\u015bniejsze fale \u0142\u0105cznie. Jaka powinna by\u0107 odpowied\u017a spo\u0142eczno\u015bci mi\u0119dzynarodowej na rosn\u0105ce zagro\u017cenie? Czy tworzenie ci\u0105gle to nowszych regulacji prawnych, kt\u00f3re cz\u0119sto utrudniaj\u0105 efektywn\u0105 realizacje zada\u0144 powierzonych s\u0142u\u017cbom specjalnym, jest najlepszym rozwi\u0105zaniem w walce z terroryzmem? Konkluduj\u0105c, terrory\u015bci zawsze s\u0105 o krok przed nami, perfekcyjnie dostosowuj\u0105 si\u0119 do sytuacji na arenie mi\u0119dzynarodowej, wykorzystuj\u0105c wszystkie s\u0142abe elementy zabezpiecze\u0144 zar\u00f3wno legislacyjnych jak i technologicznych.<\/p>\n","protected":false},"excerpt":{"rendered":"<p>Terroryzm &#8211; zjawisko, kt\u00f3re w ostatnich latach jest poruszane przez wielu specjalist\u00f3w.\u00a0 Jednak czy r\u00f3\u017cnorodno\u015b\u0107 definicji pomaga w zrozumieniu dzia\u0142a\u0144 terroryst\u00f3w? Analizuj\u0105c zjawisko terroryzmu nale\u017cy odnie\u015b\u0107 si\u0119 do tzw. \u201efalowo\u015bci terroryzmu\u201d, zgodnie\u00a0\u00a0z koncepcj\u0105 Davida Rapoporta. Identyfikuje si\u0119 cztery fale terroryzmu, ka\u017cda z nich determinowana by\u0142a sytuacj\u0105 polityczn\u0105 w okresie ich trwania. Pierwsza z nich odnosi\u0142a  &#8230;<\/p>\n","protected":false},"author":25,"featured_media":2809,"comment_status":"closed","ping_status":"open","sticky":false,"template":"single-default-ns.php","format":"standard","meta":[],"categories":[3,7,11],"tags":[97,98,307],"yoast_head":"<!-- This site is optimized with the Yoast SEO plugin v19.8 - https:\/\/yoast.com\/wordpress\/plugins\/seo\/ -->\n<title>Falowo\u015b\u0107 terroryzmu | MIL.link - edycja polska<\/title>\n<meta name=\"robots\" content=\"index, follow, max-snippet:-1, max-image-preview:large, max-video-preview:-1\" \/>\n<link rel=\"canonical\" href=\"https:\/\/mil.link\/pl\/falowosc-terroryzmu\/\" \/>\n<meta property=\"og:locale\" content=\"pl_PL\" \/>\n<meta property=\"og:type\" content=\"article\" \/>\n<meta property=\"og:title\" content=\"Falowo\u015b\u0107 terroryzmu | MIL.link - edycja polska\" \/>\n<meta property=\"og:description\" content=\"Terroryzm &#8211; zjawisko, kt\u00f3re w ostatnich latach jest poruszane przez wielu specjalist\u00f3w.\u00a0 Jednak czy r\u00f3\u017cnorodno\u015b\u0107 definicji pomaga w zrozumieniu dzia\u0142a\u0144 terroryst\u00f3w? Analizuj\u0105c zjawisko terroryzmu nale\u017cy odnie\u015b\u0107 si\u0119 do tzw. \u201efalowo\u015bci terroryzmu\u201d, zgodnie\u00a0\u00a0z koncepcj\u0105 Davida Rapoporta. Identyfikuje si\u0119 cztery fale terroryzmu, ka\u017cda z nich determinowana by\u0142a sytuacj\u0105 polityczn\u0105 w okresie ich trwania. Pierwsza z nich odnosi\u0142a ...\" \/>\n<meta property=\"og:url\" content=\"https:\/\/mil.link\/pl\/falowosc-terroryzmu\/\" \/>\n<meta property=\"og:site_name\" content=\"MIL.link - edycja polska\" \/>\n<meta property=\"article:publisher\" content=\"https:\/\/www.facebook.com\/mildotlink\/\" \/>\n<meta property=\"article:published_time\" content=\"2016-04-04T13:20:16+00:00\" \/>\n<meta property=\"article:modified_time\" content=\"2018-04-10T09:37:42+00:00\" \/>\n<meta property=\"og:image\" content=\"https:\/\/mil.link\/pl\/wp-content\/uploads\/2016\/04\/ground-zero-63035_1280.jpg\" \/>\n\t<meta property=\"og:image:width\" content=\"1280\" \/>\n\t<meta property=\"og:image:height\" content=\"834\" \/>\n\t<meta property=\"og:image:type\" content=\"image\/jpeg\" \/>\n<meta name=\"author\" content=\"Monika Noga\" \/>\n<meta name=\"twitter:card\" content=\"summary_large_image\" \/>\n<meta name=\"twitter:creator\" content=\"@mildotlink\" \/>\n<meta name=\"twitter:site\" content=\"@mildotlink\" \/>\n<meta name=\"twitter:label1\" content=\"Napisane przez\" \/>\n\t<meta name=\"twitter:data1\" content=\"Monika Noga\" \/>\n\t<meta name=\"twitter:label2\" content=\"Szacowany czas czytania\" \/>\n\t<meta name=\"twitter:data2\" content=\"3 minuty\" \/>\n<script type=\"application\/ld+json\" class=\"yoast-schema-graph\">{\"@context\":\"https:\/\/schema.org\",\"@graph\":[{\"@type\":\"Article\",\"@id\":\"https:\/\/mil.link\/pl\/falowosc-terroryzmu\/#article\",\"isPartOf\":{\"@id\":\"https:\/\/mil.link\/pl\/falowosc-terroryzmu\/\"},\"author\":{\"name\":\"Monika Noga\",\"@id\":\"https:\/\/mil.link\/pl\/#\/schema\/person\/71d49044aabb4785a4da024a1f431d28\"},\"headline\":\"Falowo\u015b\u0107 terroryzmu\",\"datePublished\":\"2016-04-04T13:20:16+00:00\",\"dateModified\":\"2018-04-10T09:37:42+00:00\",\"mainEntityOfPage\":{\"@id\":\"https:\/\/mil.link\/pl\/falowosc-terroryzmu\/\"},\"wordCount\":647,\"publisher\":{\"@id\":\"https:\/\/mil.link\/pl\/#organization\"},\"keywords\":[\"fale terroryzmu\",\"falowo\u015b\u0107 terroryzmu\",\"terroryzm\"],\"articleSection\":[\"Bezpiecze\u0144stwo\",\"Historia\",\"Terroryzm\"],\"inLanguage\":\"pl-PL\"},{\"@type\":\"WebPage\",\"@id\":\"https:\/\/mil.link\/pl\/falowosc-terroryzmu\/\",\"url\":\"https:\/\/mil.link\/pl\/falowosc-terroryzmu\/\",\"name\":\"Falowo\u015b\u0107 terroryzmu | MIL.link - edycja polska\",\"isPartOf\":{\"@id\":\"https:\/\/mil.link\/pl\/#website\"},\"datePublished\":\"2016-04-04T13:20:16+00:00\",\"dateModified\":\"2018-04-10T09:37:42+00:00\",\"breadcrumb\":{\"@id\":\"https:\/\/mil.link\/pl\/falowosc-terroryzmu\/#breadcrumb\"},\"inLanguage\":\"pl-PL\",\"potentialAction\":[{\"@type\":\"ReadAction\",\"target\":[\"https:\/\/mil.link\/pl\/falowosc-terroryzmu\/\"]}]},{\"@type\":\"BreadcrumbList\",\"@id\":\"https:\/\/mil.link\/pl\/falowosc-terroryzmu\/#breadcrumb\",\"itemListElement\":[{\"@type\":\"ListItem\",\"position\":1,\"name\":\"Strona g\u0142\u00f3wna\",\"item\":\"https:\/\/mil.link\/pl\/\"},{\"@type\":\"ListItem\",\"position\":2,\"name\":\"Falowo\u015b\u0107 terroryzmu\"}]},{\"@type\":\"WebSite\",\"@id\":\"https:\/\/mil.link\/pl\/#website\",\"url\":\"https:\/\/mil.link\/pl\/\",\"name\":\"MIL.link - edycja polska\",\"description\":\"\",\"publisher\":{\"@id\":\"https:\/\/mil.link\/pl\/#organization\"},\"potentialAction\":[{\"@type\":\"SearchAction\",\"target\":{\"@type\":\"EntryPoint\",\"urlTemplate\":\"https:\/\/mil.link\/pl\/?s={search_term_string}\"},\"query-input\":\"required name=search_term_string\"}],\"inLanguage\":\"pl-PL\"},{\"@type\":\"Organization\",\"@id\":\"https:\/\/mil.link\/pl\/#organization\",\"name\":\"mil.link\",\"url\":\"https:\/\/mil.link\/pl\/\",\"sameAs\":[\"https:\/\/www.facebook.com\/mildotlink\/\",\"https:\/\/twitter.com\/mildotlink\"],\"logo\":{\"@type\":\"ImageObject\",\"inLanguage\":\"pl-PL\",\"@id\":\"https:\/\/mil.link\/pl\/#\/schema\/logo\/image\/\",\"url\":\"https:\/\/mil.link\/pl\/wp-content\/uploads\/2018\/04\/millink.png\",\"contentUrl\":\"https:\/\/mil.link\/pl\/wp-content\/uploads\/2018\/04\/millink.png\",\"width\":317,\"height\":93,\"caption\":\"mil.link\"},\"image\":{\"@id\":\"https:\/\/mil.link\/pl\/#\/schema\/logo\/image\/\"}},{\"@type\":\"Person\",\"@id\":\"https:\/\/mil.link\/pl\/#\/schema\/person\/71d49044aabb4785a4da024a1f431d28\",\"name\":\"Monika Noga\",\"description\":\"Absolwentka Akademii Marynarki Wojennej (Wydzia\u0142 Dowodzenia i Operacji Morskich). Terroryzm, konflikty mi\u0119dzynarodowe oraz bezpiecze\u0144stwo to g\u0142\u00f3wne obszary zainteresowa\u0144.\",\"url\":\"https:\/\/mil.link\/pl\/author\/monikanoga\/\"}]}<\/script>\n<!-- \/ Yoast SEO plugin. -->","yoast_head_json":{"title":"Falowo\u015b\u0107 terroryzmu | MIL.link - edycja polska","robots":{"index":"index","follow":"follow","max-snippet":"max-snippet:-1","max-image-preview":"max-image-preview:large","max-video-preview":"max-video-preview:-1"},"canonical":"https:\/\/mil.link\/pl\/falowosc-terroryzmu\/","og_locale":"pl_PL","og_type":"article","og_title":"Falowo\u015b\u0107 terroryzmu | MIL.link - edycja polska","og_description":"Terroryzm &#8211; zjawisko, kt\u00f3re w ostatnich latach jest poruszane przez wielu specjalist\u00f3w.\u00a0 Jednak czy r\u00f3\u017cnorodno\u015b\u0107 definicji pomaga w zrozumieniu dzia\u0142a\u0144 terroryst\u00f3w? Analizuj\u0105c zjawisko terroryzmu nale\u017cy odnie\u015b\u0107 si\u0119 do tzw. \u201efalowo\u015bci terroryzmu\u201d, zgodnie\u00a0\u00a0z koncepcj\u0105 Davida Rapoporta. Identyfikuje si\u0119 cztery fale terroryzmu, ka\u017cda z nich determinowana by\u0142a sytuacj\u0105 polityczn\u0105 w okresie ich trwania. Pierwsza z nich odnosi\u0142a ...","og_url":"https:\/\/mil.link\/pl\/falowosc-terroryzmu\/","og_site_name":"MIL.link - edycja polska","article_publisher":"https:\/\/www.facebook.com\/mildotlink\/","article_published_time":"2016-04-04T13:20:16+00:00","article_modified_time":"2018-04-10T09:37:42+00:00","og_image":[{"width":1280,"height":834,"url":"https:\/\/mil.link\/pl\/wp-content\/uploads\/2016\/04\/ground-zero-63035_1280.jpg","type":"image\/jpeg"}],"author":"Monika Noga","twitter_card":"summary_large_image","twitter_creator":"@mildotlink","twitter_site":"@mildotlink","twitter_misc":{"Napisane przez":"Monika Noga","Szacowany czas czytania":"3 minuty"},"schema":{"@context":"https:\/\/schema.org","@graph":[{"@type":"Article","@id":"https:\/\/mil.link\/pl\/falowosc-terroryzmu\/#article","isPartOf":{"@id":"https:\/\/mil.link\/pl\/falowosc-terroryzmu\/"},"author":{"name":"Monika Noga","@id":"https:\/\/mil.link\/pl\/#\/schema\/person\/71d49044aabb4785a4da024a1f431d28"},"headline":"Falowo\u015b\u0107 terroryzmu","datePublished":"2016-04-04T13:20:16+00:00","dateModified":"2018-04-10T09:37:42+00:00","mainEntityOfPage":{"@id":"https:\/\/mil.link\/pl\/falowosc-terroryzmu\/"},"wordCount":647,"publisher":{"@id":"https:\/\/mil.link\/pl\/#organization"},"keywords":["fale terroryzmu","falowo\u015b\u0107 terroryzmu","terroryzm"],"articleSection":["Bezpiecze\u0144stwo","Historia","Terroryzm"],"inLanguage":"pl-PL"},{"@type":"WebPage","@id":"https:\/\/mil.link\/pl\/falowosc-terroryzmu\/","url":"https:\/\/mil.link\/pl\/falowosc-terroryzmu\/","name":"Falowo\u015b\u0107 terroryzmu | MIL.link - edycja polska","isPartOf":{"@id":"https:\/\/mil.link\/pl\/#website"},"datePublished":"2016-04-04T13:20:16+00:00","dateModified":"2018-04-10T09:37:42+00:00","breadcrumb":{"@id":"https:\/\/mil.link\/pl\/falowosc-terroryzmu\/#breadcrumb"},"inLanguage":"pl-PL","potentialAction":[{"@type":"ReadAction","target":["https:\/\/mil.link\/pl\/falowosc-terroryzmu\/"]}]},{"@type":"BreadcrumbList","@id":"https:\/\/mil.link\/pl\/falowosc-terroryzmu\/#breadcrumb","itemListElement":[{"@type":"ListItem","position":1,"name":"Strona g\u0142\u00f3wna","item":"https:\/\/mil.link\/pl\/"},{"@type":"ListItem","position":2,"name":"Falowo\u015b\u0107 terroryzmu"}]},{"@type":"WebSite","@id":"https:\/\/mil.link\/pl\/#website","url":"https:\/\/mil.link\/pl\/","name":"MIL.link - edycja polska","description":"","publisher":{"@id":"https:\/\/mil.link\/pl\/#organization"},"potentialAction":[{"@type":"SearchAction","target":{"@type":"EntryPoint","urlTemplate":"https:\/\/mil.link\/pl\/?s={search_term_string}"},"query-input":"required name=search_term_string"}],"inLanguage":"pl-PL"},{"@type":"Organization","@id":"https:\/\/mil.link\/pl\/#organization","name":"mil.link","url":"https:\/\/mil.link\/pl\/","sameAs":["https:\/\/www.facebook.com\/mildotlink\/","https:\/\/twitter.com\/mildotlink"],"logo":{"@type":"ImageObject","inLanguage":"pl-PL","@id":"https:\/\/mil.link\/pl\/#\/schema\/logo\/image\/","url":"https:\/\/mil.link\/pl\/wp-content\/uploads\/2018\/04\/millink.png","contentUrl":"https:\/\/mil.link\/pl\/wp-content\/uploads\/2018\/04\/millink.png","width":317,"height":93,"caption":"mil.link"},"image":{"@id":"https:\/\/mil.link\/pl\/#\/schema\/logo\/image\/"}},{"@type":"Person","@id":"https:\/\/mil.link\/pl\/#\/schema\/person\/71d49044aabb4785a4da024a1f431d28","name":"Monika Noga","description":"Absolwentka Akademii Marynarki Wojennej (Wydzia\u0142 Dowodzenia i Operacji Morskich). Terroryzm, konflikty mi\u0119dzynarodowe oraz bezpiecze\u0144stwo to g\u0142\u00f3wne obszary zainteresowa\u0144.","url":"https:\/\/mil.link\/pl\/author\/monikanoga\/"}]}},"_links":{"self":[{"href":"https:\/\/mil.link\/pl\/wp-json\/wp\/v2\/posts\/2808"}],"collection":[{"href":"https:\/\/mil.link\/pl\/wp-json\/wp\/v2\/posts"}],"about":[{"href":"https:\/\/mil.link\/pl\/wp-json\/wp\/v2\/types\/post"}],"author":[{"embeddable":true,"href":"https:\/\/mil.link\/pl\/wp-json\/wp\/v2\/users\/25"}],"replies":[{"embeddable":true,"href":"https:\/\/mil.link\/pl\/wp-json\/wp\/v2\/comments?post=2808"}],"version-history":[{"count":1,"href":"https:\/\/mil.link\/pl\/wp-json\/wp\/v2\/posts\/2808\/revisions"}],"predecessor-version":[{"id":3673,"href":"https:\/\/mil.link\/pl\/wp-json\/wp\/v2\/posts\/2808\/revisions\/3673"}],"wp:featuredmedia":[{"embeddable":true,"href":"https:\/\/mil.link\/pl\/wp-json\/wp\/v2\/media\/2809"}],"wp:attachment":[{"href":"https:\/\/mil.link\/pl\/wp-json\/wp\/v2\/media?parent=2808"}],"wp:term":[{"taxonomy":"category","embeddable":true,"href":"https:\/\/mil.link\/pl\/wp-json\/wp\/v2\/categories?post=2808"},{"taxonomy":"post_tag","embeddable":true,"href":"https:\/\/mil.link\/pl\/wp-json\/wp\/v2\/tags?post=2808"}],"curies":[{"name":"wp","href":"https:\/\/api.w.org\/{rel}","templated":true}]}}