{"id":2993,"date":"2016-08-30T11:23:11","date_gmt":"2016-08-30T11:23:11","guid":{"rendered":"https:\/\/sztab.org\/?p=2993"},"modified":"2018-04-19T08:54:33","modified_gmt":"2018-04-19T08:54:33","slug":"trwa-nabor-os-commando-dla-kandydatow-wojsk-specjalnych","status":"publish","type":"post","link":"https:\/\/mil.link\/pl\/trwa-nabor-os-commando-dla-kandydatow-wojsk-specjalnych\/","title":{"rendered":"Trwa nab\u00f3r do OS Commando dla kandydat\u00f3w do Wojsk Specjalnych"},"content":{"rendered":"<p style=\"text-align: justify;\"><strong>Jeszcze tylko miesi\u0105c pozosta\u0142 zainteresowanym na z\u0142o\u017cenie wniosku przez kandydat\u00f3w na \u017co\u0142nierzy Wojsk Specjalnych. 30 wrze\u015bnia 2016 r. up\u0142ywa termin dla cywili ubiegaj\u0105cych si\u0119 o przyj\u0119cie do O\u015brodka Szkolenia &#8222;Commando&#8221; przy Jednostce Wojskowej Komandos\u00f3w w Lubli\u0144cu.\u00a0<\/strong><\/p>\n<p style=\"text-align: justify;\">Jest to pierwszy nab\u00f3r do O\u015brodka, obejmuje on kandydat\u00f3w do korpusu szeregowych zawodowych na potrzeby jednostek Wojsk Specjalnych. Preferowani s\u0105 kandydaci o odpowiednich predyspozycjach psychofizycznych, posiadaj\u0105cy wykszta\u0142cenie \u015brednie lub wy\u017csze, prawo jazdy kat. C, znaj\u0105cy j\u0119zyki obce oraz specjali\u015bci (informatycy, elektronicy, mechanicy, ratownicy i kucharze). Kandydaci musz\u0105 by\u0107 pe\u0142noletni i niekarani, mie\u0107 uko\u0144czone co najmniej gimnazjum, posiada\u0107 obywatelstwo polskie oraz zdolno\u015b\u0107 do zawodowej s\u0142u\u017cby wojskowej.<\/p>\n<p style=\"text-align: justify;\">Rekrutacja obejmuje kilka etap\u00f3w. Najpierw nale\u017cy zarejestrowa\u0107 si\u0119 elektronicznie na stronie O\u015brodka Szkolenia JWK, wype\u0142ni\u0107 i pobra\u0107 wniosek wraz z kwestionariuszem, kt\u00f3re nale\u017cy z\u0142o\u017cy\u0107 w swojej Wojskowej Komendzie Uzupe\u0142nie\u0144 (wg miejsca zameldowania), w nieprzekraczalnym terminie 30 wrze\u015bnia br. Nast\u0119pny etap obejmuje analiz\u0119 ocen szkolnych (j\u0119zyk polski, historia, j\u0119zyk angielski, informatyka, WOS), sprawdzian sprawno\u015bci fizycznej, rozmow\u0119 kwalifikacyjn\u0105 oraz badania psychologiczne i przed Wojskow\u0105 Komisj\u0105 Lekarsk\u0105.<\/p>\n<p style=\"text-align: justify;\"><a href=\"http:\/\/commando.mil.pl\"><img loading=\"lazy\" class=\"aligncenter wp-image-2999 size-large\" src=\"https:\/\/sztab.org\/wp-content\/uploads\/2016\/08\/dkws-rekr-1024x513.jpg\" alt=\"dkws-rekr\" width=\"640\" height=\"321\" srcset=\"https:\/\/mil.link\/pl\/wp-content\/uploads\/2016\/08\/dkws-rekr-1024x513.jpg 1024w, https:\/\/mil.link\/pl\/wp-content\/uploads\/2016\/08\/dkws-rekr-300x150.jpg 300w, https:\/\/mil.link\/pl\/wp-content\/uploads\/2016\/08\/dkws-rekr-768x385.jpg 768w, https:\/\/mil.link\/pl\/wp-content\/uploads\/2016\/08\/dkws-rekr.jpg 1320w\" sizes=\"(max-width: 640px) 100vw, 640px\" \/><\/a><\/p>\n<p style=\"text-align: justify;\">Ka\u017cdy z etap\u00f3w rekrutacji jest oceniany, a wg uzyskanych przez kandydat\u00f3w punkt\u00f3w tworzony jest ranking. Do s\u0142u\u017cby kandydackiej w O\u015brodku Szkolenia przy JWK powo\u0142anych zostanie 30 najlepszych kandydat\u00f3w, z najwi\u0119ksz\u0105 ilo\u015bci\u0105 punkt\u00f3w.<\/p>\n<p style=\"text-align: justify;\">Poza wspomnianym wnioskiem i kwestionariuszem, kandydaci sk\u0142adaj\u0105 \u015bwiadectwa uko\u0144czenia szko\u0142y gimnazjalnej, ponadgimnazjalnej oraz studi\u00f3w wy\u017cszych, \u017cyciorys (nie CV), odpis skr\u00f3cony aktu urodzenia, za\u015bwiadczenie o niekaralno\u015bci (nie starsze ni\u017c 30 dni) oraz inne dokumenty za\u015bwiadczaj\u0105ce o przydatnych umiej\u0119tno\u015bciach czy kwalifikacjach.<\/p>\n<p style=\"text-align: justify;\">Egzamin sprawno\u015bci fizycznej obejmuje:<\/p>\n<p style=\"text-align: justify;\">&#8211; dla m\u0119\u017cczyzn &#8211; marszobieg (3000 m.), sk\u0142ony tu\u0142owia (2 min.), podci\u0105ganie na dr\u0105\u017cku, bieg wahad\u0142owy 10&#215;10 m. oraz p\u0142ywanie (50 m.),<\/p>\n<p style=\"text-align: justify;\">&#8211; dla kobiet &#8211; marszobieg (1000 m.), sk\u0142ony tu\u0142owia (2 min.), uginanie ramion na \u0142aweczce, bieg (koperta) oraz p\u0142ywanie (50 m.).<\/p>\n<p>Dwudniowe egzaminy odb\u0119d\u0105 si\u0119 na terenie Jednostki Wojskowej Komandos\u00f3w na prze\u0142omie pa\u017adziernika i listopada 2016r.<\/p>\n<p style=\"text-align: justify;\">Zach\u0119camy do g\u0142\u0119bokiej lektury:\u00a0<em><a href=\"https:\/\/sztab.org\/wp-content\/uploads\/2016\/08\/regulamin-rekrutacja-OS-JWK.pdf\" target=\"_blank\" rel=\"noopener\">Regulamin prowadzenia post\u0119powania rekrutacyjnego dla kandydat\u00f3w na \u017co\u0142nierzy zawodowych oraz powo\u0142ywania do s\u0142u\u017cby kandydackiej w O\u015brodku Szkolenia<\/a><\/em>.<\/p>\n<p style=\"text-align: justify;\">Dodatkowe informacje oraz elektroniczna rejestracja znajduj\u0105 si\u0119 na oficjalnej stronie O\u015brodka Szkolenia JWK: <em><a href=\"http:\/\/commando.mil.pl\" target=\"_blank\" rel=\"noopener\">commando.mil.pl<\/a>.<\/em><\/p>\n<p style=\"text-align: justify;\">Swoje pytania mo\u017cna kierowa\u0107 pod nr tel.: <em>261 101 465<\/em> oraz e-mail:\u00a0<em><a title=\"\" href=\"mailto:rekrutacja.commando.mil@mon.gov.pl\">rekrutacja.commando.mil@mon.gov.pl<\/a><\/em><\/p>\n<p style=\"text-align: justify;\">Po przyj\u0119ciu do s\u0142u\u017cby kandydackiej odbywa si\u0119 6-miesi\u0119czne szkolenie, podzielone na 3 etapy: szkolenie zapoznawcze, szkolenie podstawowe &#8211; indywidualne oraz szkolenie specjalistyczne w zakresie prowadzenia operacji specjalnych. Szkolenie ko\u0144czy si\u0119 egzaminem, zaliczenie kt\u00f3rego jest wymagane do skierowania do s\u0142u\u017cby zawodowej w pododdzia\u0142ach dowodzenia, zabezpieczenia i wsparcia w jednostkach Wojsk Specjalnych.<\/p>\n<p style=\"text-align: justify;\"><em>\u0179r\u00f3d\u0142a, grafiki, zdj\u0119cia: Dow\u00f3dztwo Komponentu Wojsk Specjalnych, O\u015brodek Szkolenia JWK<\/em><\/p>\n<p><a href=\"http:\/\/wojskaspecjalne.mil.link\"><em>wojskaspecjalne.mil.link<\/em><\/a><\/p>\n","protected":false},"excerpt":{"rendered":"<p>Jeszcze tylko miesi\u0105c pozosta\u0142 zainteresowanym na z\u0142o\u017cenie wniosku przez kandydat\u00f3w na \u017co\u0142nierzy Wojsk Specjalnych. 30 wrze\u015bnia 2016 r. up\u0142ywa termin dla cywili ubiegaj\u0105cych si\u0119 o przyj\u0119cie do O\u015brodka Szkolenia &#8222;Commando&#8221; przy Jednostce Wojskowej Komandos\u00f3w w Lubli\u0144cu.\u00a0 Jest to pierwszy nab\u00f3r do O\u015brodka, obejmuje on kandydat\u00f3w do korpusu szeregowych zawodowych na potrzeby jednostek Wojsk Specjalnych. Preferowani  &#8230;<\/p>\n","protected":false},"author":1,"featured_media":2994,"comment_status":"closed","ping_status":"open","sticky":false,"template":"single-default-ns.php","format":"standard","meta":[],"categories":[3,9],"tags":[64,138,145,174,343],"yoast_head":"<!-- This site is optimized with the Yoast SEO plugin v19.8 - https:\/\/yoast.com\/wordpress\/plugins\/seo\/ -->\n<title>Trwa nab\u00f3r do OS Commando dla kandydat\u00f3w do Wojsk Specjalnych | MIL.link - edycja polska<\/title>\n<meta name=\"robots\" content=\"index, follow, max-snippet:-1, max-image-preview:large, max-video-preview:-1\" \/>\n<link rel=\"canonical\" href=\"https:\/\/mil.link\/pl\/trwa-nabor-os-commando-dla-kandydatow-wojsk-specjalnych\/\" \/>\n<meta property=\"og:locale\" content=\"pl_PL\" \/>\n<meta property=\"og:type\" content=\"article\" \/>\n<meta property=\"og:title\" content=\"Trwa nab\u00f3r do OS Commando dla kandydat\u00f3w do Wojsk Specjalnych | MIL.link - edycja polska\" \/>\n<meta property=\"og:description\" content=\"Jeszcze tylko miesi\u0105c pozosta\u0142 zainteresowanym na z\u0142o\u017cenie wniosku przez kandydat\u00f3w na \u017co\u0142nierzy Wojsk Specjalnych. 30 wrze\u015bnia 2016 r. up\u0142ywa termin dla cywili ubiegaj\u0105cych si\u0119 o przyj\u0119cie do O\u015brodka Szkolenia &#8222;Commando&#8221; przy Jednostce Wojskowej Komandos\u00f3w w Lubli\u0144cu.\u00a0 Jest to pierwszy nab\u00f3r do O\u015brodka, obejmuje on kandydat\u00f3w do korpusu szeregowych zawodowych na potrzeby jednostek Wojsk Specjalnych. Preferowani ...\" \/>\n<meta property=\"og:url\" content=\"https:\/\/mil.link\/pl\/trwa-nabor-os-commando-dla-kandydatow-wojsk-specjalnych\/\" \/>\n<meta property=\"og:site_name\" content=\"MIL.link - edycja polska\" \/>\n<meta property=\"article:publisher\" content=\"https:\/\/www.facebook.com\/mildotlink\/\" \/>\n<meta property=\"article:published_time\" content=\"2016-08-30T11:23:11+00:00\" \/>\n<meta property=\"article:modified_time\" content=\"2018-04-19T08:54:33+00:00\" \/>\n<meta property=\"og:image\" content=\"https:\/\/mil.link\/pl\/wp-content\/uploads\/2016\/08\/dkws.jpg\" \/>\n\t<meta property=\"og:image:width\" content=\"798\" \/>\n\t<meta property=\"og:image:height\" content=\"450\" \/>\n\t<meta property=\"og:image:type\" content=\"image\/jpeg\" \/>\n<meta name=\"author\" content=\"Artur Dubiel\" \/>\n<meta name=\"twitter:card\" content=\"summary_large_image\" \/>\n<meta name=\"twitter:creator\" content=\"@mildotlink\" \/>\n<meta name=\"twitter:site\" content=\"@mildotlink\" \/>\n<meta name=\"twitter:label1\" content=\"Napisane przez\" \/>\n\t<meta name=\"twitter:data1\" content=\"Artur Dubiel\" \/>\n\t<meta name=\"twitter:label2\" content=\"Szacowany czas czytania\" \/>\n\t<meta name=\"twitter:data2\" content=\"3 minuty\" \/>\n<script type=\"application\/ld+json\" class=\"yoast-schema-graph\">{\"@context\":\"https:\/\/schema.org\",\"@graph\":[{\"@type\":\"Article\",\"@id\":\"https:\/\/mil.link\/pl\/trwa-nabor-os-commando-dla-kandydatow-wojsk-specjalnych\/#article\",\"isPartOf\":{\"@id\":\"https:\/\/mil.link\/pl\/trwa-nabor-os-commando-dla-kandydatow-wojsk-specjalnych\/\"},\"author\":{\"name\":\"Artur Dubiel\",\"@id\":\"https:\/\/mil.link\/pl\/#\/schema\/person\/fe18810c4c2ac9abc5735d0b0ce4881a\"},\"headline\":\"Trwa nab\u00f3r do OS Commando dla kandydat\u00f3w do Wojsk Specjalnych\",\"datePublished\":\"2016-08-30T11:23:11+00:00\",\"dateModified\":\"2018-04-19T08:54:33+00:00\",\"mainEntityOfPage\":{\"@id\":\"https:\/\/mil.link\/pl\/trwa-nabor-os-commando-dla-kandydatow-wojsk-specjalnych\/\"},\"wordCount\":516,\"publisher\":{\"@id\":\"https:\/\/mil.link\/pl\/#organization\"},\"keywords\":[\"Commando\",\"JWK\",\"komandosi\",\"Lubliniec\",\"Wojska Specjalne\"],\"articleSection\":[\"Bezpiecze\u0144stwo\",\"S\u0142u\u017cby\"],\"inLanguage\":\"pl-PL\"},{\"@type\":\"WebPage\",\"@id\":\"https:\/\/mil.link\/pl\/trwa-nabor-os-commando-dla-kandydatow-wojsk-specjalnych\/\",\"url\":\"https:\/\/mil.link\/pl\/trwa-nabor-os-commando-dla-kandydatow-wojsk-specjalnych\/\",\"name\":\"Trwa nab\u00f3r do OS Commando dla kandydat\u00f3w do Wojsk Specjalnych | MIL.link - edycja polska\",\"isPartOf\":{\"@id\":\"https:\/\/mil.link\/pl\/#website\"},\"datePublished\":\"2016-08-30T11:23:11+00:00\",\"dateModified\":\"2018-04-19T08:54:33+00:00\",\"breadcrumb\":{\"@id\":\"https:\/\/mil.link\/pl\/trwa-nabor-os-commando-dla-kandydatow-wojsk-specjalnych\/#breadcrumb\"},\"inLanguage\":\"pl-PL\",\"potentialAction\":[{\"@type\":\"ReadAction\",\"target\":[\"https:\/\/mil.link\/pl\/trwa-nabor-os-commando-dla-kandydatow-wojsk-specjalnych\/\"]}]},{\"@type\":\"BreadcrumbList\",\"@id\":\"https:\/\/mil.link\/pl\/trwa-nabor-os-commando-dla-kandydatow-wojsk-specjalnych\/#breadcrumb\",\"itemListElement\":[{\"@type\":\"ListItem\",\"position\":1,\"name\":\"Strona g\u0142\u00f3wna\",\"item\":\"https:\/\/mil.link\/pl\/\"},{\"@type\":\"ListItem\",\"position\":2,\"name\":\"Trwa nab\u00f3r do OS Commando dla kandydat\u00f3w do Wojsk Specjalnych\"}]},{\"@type\":\"WebSite\",\"@id\":\"https:\/\/mil.link\/pl\/#website\",\"url\":\"https:\/\/mil.link\/pl\/\",\"name\":\"MIL.link - edycja polska\",\"description\":\"\",\"publisher\":{\"@id\":\"https:\/\/mil.link\/pl\/#organization\"},\"potentialAction\":[{\"@type\":\"SearchAction\",\"target\":{\"@type\":\"EntryPoint\",\"urlTemplate\":\"https:\/\/mil.link\/pl\/?s={search_term_string}\"},\"query-input\":\"required name=search_term_string\"}],\"inLanguage\":\"pl-PL\"},{\"@type\":\"Organization\",\"@id\":\"https:\/\/mil.link\/pl\/#organization\",\"name\":\"mil.link\",\"url\":\"https:\/\/mil.link\/pl\/\",\"sameAs\":[\"https:\/\/www.facebook.com\/mildotlink\/\",\"https:\/\/twitter.com\/mildotlink\"],\"logo\":{\"@type\":\"ImageObject\",\"inLanguage\":\"pl-PL\",\"@id\":\"https:\/\/mil.link\/pl\/#\/schema\/logo\/image\/\",\"url\":\"https:\/\/mil.link\/pl\/wp-content\/uploads\/2018\/04\/millink.png\",\"contentUrl\":\"https:\/\/mil.link\/pl\/wp-content\/uploads\/2018\/04\/millink.png\",\"width\":317,\"height\":93,\"caption\":\"mil.link\"},\"image\":{\"@id\":\"https:\/\/mil.link\/pl\/#\/schema\/logo\/image\/\"}},{\"@type\":\"Person\",\"@id\":\"https:\/\/mil.link\/pl\/#\/schema\/person\/fe18810c4c2ac9abc5735d0b0ce4881a\",\"name\":\"Artur Dubiel\",\"description\":\"Pracownik naukowo - dydaktyczny, wydawca portalu MIL.link oraz podcastu \\\"Na celowniku\\\", koordynator Europejskiego Instytutu Bezpiecze\u0144stwa, asystent w Instytucie Prawa i Administracji WSB, politolog, weteran.\",\"sameAs\":[\"https:\/\/artur.tel\"],\"url\":\"https:\/\/mil.link\/pl\/author\/admin\/\"}]}<\/script>\n<!-- \/ Yoast SEO plugin. -->","yoast_head_json":{"title":"Trwa nab\u00f3r do OS Commando dla kandydat\u00f3w do Wojsk Specjalnych | MIL.link - edycja polska","robots":{"index":"index","follow":"follow","max-snippet":"max-snippet:-1","max-image-preview":"max-image-preview:large","max-video-preview":"max-video-preview:-1"},"canonical":"https:\/\/mil.link\/pl\/trwa-nabor-os-commando-dla-kandydatow-wojsk-specjalnych\/","og_locale":"pl_PL","og_type":"article","og_title":"Trwa nab\u00f3r do OS Commando dla kandydat\u00f3w do Wojsk Specjalnych | MIL.link - edycja polska","og_description":"Jeszcze tylko miesi\u0105c pozosta\u0142 zainteresowanym na z\u0142o\u017cenie wniosku przez kandydat\u00f3w na \u017co\u0142nierzy Wojsk Specjalnych. 30 wrze\u015bnia 2016 r. up\u0142ywa termin dla cywili ubiegaj\u0105cych si\u0119 o przyj\u0119cie do O\u015brodka Szkolenia &#8222;Commando&#8221; przy Jednostce Wojskowej Komandos\u00f3w w Lubli\u0144cu.\u00a0 Jest to pierwszy nab\u00f3r do O\u015brodka, obejmuje on kandydat\u00f3w do korpusu szeregowych zawodowych na potrzeby jednostek Wojsk Specjalnych. Preferowani ...","og_url":"https:\/\/mil.link\/pl\/trwa-nabor-os-commando-dla-kandydatow-wojsk-specjalnych\/","og_site_name":"MIL.link - edycja polska","article_publisher":"https:\/\/www.facebook.com\/mildotlink\/","article_published_time":"2016-08-30T11:23:11+00:00","article_modified_time":"2018-04-19T08:54:33+00:00","og_image":[{"width":798,"height":450,"url":"https:\/\/mil.link\/pl\/wp-content\/uploads\/2016\/08\/dkws.jpg","type":"image\/jpeg"}],"author":"Artur Dubiel","twitter_card":"summary_large_image","twitter_creator":"@mildotlink","twitter_site":"@mildotlink","twitter_misc":{"Napisane przez":"Artur Dubiel","Szacowany czas czytania":"3 minuty"},"schema":{"@context":"https:\/\/schema.org","@graph":[{"@type":"Article","@id":"https:\/\/mil.link\/pl\/trwa-nabor-os-commando-dla-kandydatow-wojsk-specjalnych\/#article","isPartOf":{"@id":"https:\/\/mil.link\/pl\/trwa-nabor-os-commando-dla-kandydatow-wojsk-specjalnych\/"},"author":{"name":"Artur Dubiel","@id":"https:\/\/mil.link\/pl\/#\/schema\/person\/fe18810c4c2ac9abc5735d0b0ce4881a"},"headline":"Trwa nab\u00f3r do OS Commando dla kandydat\u00f3w do Wojsk Specjalnych","datePublished":"2016-08-30T11:23:11+00:00","dateModified":"2018-04-19T08:54:33+00:00","mainEntityOfPage":{"@id":"https:\/\/mil.link\/pl\/trwa-nabor-os-commando-dla-kandydatow-wojsk-specjalnych\/"},"wordCount":516,"publisher":{"@id":"https:\/\/mil.link\/pl\/#organization"},"keywords":["Commando","JWK","komandosi","Lubliniec","Wojska Specjalne"],"articleSection":["Bezpiecze\u0144stwo","S\u0142u\u017cby"],"inLanguage":"pl-PL"},{"@type":"WebPage","@id":"https:\/\/mil.link\/pl\/trwa-nabor-os-commando-dla-kandydatow-wojsk-specjalnych\/","url":"https:\/\/mil.link\/pl\/trwa-nabor-os-commando-dla-kandydatow-wojsk-specjalnych\/","name":"Trwa nab\u00f3r do OS Commando dla kandydat\u00f3w do Wojsk Specjalnych | MIL.link - edycja polska","isPartOf":{"@id":"https:\/\/mil.link\/pl\/#website"},"datePublished":"2016-08-30T11:23:11+00:00","dateModified":"2018-04-19T08:54:33+00:00","breadcrumb":{"@id":"https:\/\/mil.link\/pl\/trwa-nabor-os-commando-dla-kandydatow-wojsk-specjalnych\/#breadcrumb"},"inLanguage":"pl-PL","potentialAction":[{"@type":"ReadAction","target":["https:\/\/mil.link\/pl\/trwa-nabor-os-commando-dla-kandydatow-wojsk-specjalnych\/"]}]},{"@type":"BreadcrumbList","@id":"https:\/\/mil.link\/pl\/trwa-nabor-os-commando-dla-kandydatow-wojsk-specjalnych\/#breadcrumb","itemListElement":[{"@type":"ListItem","position":1,"name":"Strona g\u0142\u00f3wna","item":"https:\/\/mil.link\/pl\/"},{"@type":"ListItem","position":2,"name":"Trwa nab\u00f3r do OS Commando dla kandydat\u00f3w do Wojsk Specjalnych"}]},{"@type":"WebSite","@id":"https:\/\/mil.link\/pl\/#website","url":"https:\/\/mil.link\/pl\/","name":"MIL.link - edycja polska","description":"","publisher":{"@id":"https:\/\/mil.link\/pl\/#organization"},"potentialAction":[{"@type":"SearchAction","target":{"@type":"EntryPoint","urlTemplate":"https:\/\/mil.link\/pl\/?s={search_term_string}"},"query-input":"required name=search_term_string"}],"inLanguage":"pl-PL"},{"@type":"Organization","@id":"https:\/\/mil.link\/pl\/#organization","name":"mil.link","url":"https:\/\/mil.link\/pl\/","sameAs":["https:\/\/www.facebook.com\/mildotlink\/","https:\/\/twitter.com\/mildotlink"],"logo":{"@type":"ImageObject","inLanguage":"pl-PL","@id":"https:\/\/mil.link\/pl\/#\/schema\/logo\/image\/","url":"https:\/\/mil.link\/pl\/wp-content\/uploads\/2018\/04\/millink.png","contentUrl":"https:\/\/mil.link\/pl\/wp-content\/uploads\/2018\/04\/millink.png","width":317,"height":93,"caption":"mil.link"},"image":{"@id":"https:\/\/mil.link\/pl\/#\/schema\/logo\/image\/"}},{"@type":"Person","@id":"https:\/\/mil.link\/pl\/#\/schema\/person\/fe18810c4c2ac9abc5735d0b0ce4881a","name":"Artur Dubiel","description":"Pracownik naukowo - dydaktyczny, wydawca portalu MIL.link oraz podcastu \"Na celowniku\", koordynator Europejskiego Instytutu Bezpiecze\u0144stwa, asystent w Instytucie Prawa i Administracji WSB, politolog, weteran.","sameAs":["https:\/\/artur.tel"],"url":"https:\/\/mil.link\/pl\/author\/admin\/"}]}},"_links":{"self":[{"href":"https:\/\/mil.link\/pl\/wp-json\/wp\/v2\/posts\/2993"}],"collection":[{"href":"https:\/\/mil.link\/pl\/wp-json\/wp\/v2\/posts"}],"about":[{"href":"https:\/\/mil.link\/pl\/wp-json\/wp\/v2\/types\/post"}],"author":[{"embeddable":true,"href":"https:\/\/mil.link\/pl\/wp-json\/wp\/v2\/users\/1"}],"replies":[{"embeddable":true,"href":"https:\/\/mil.link\/pl\/wp-json\/wp\/v2\/comments?post=2993"}],"version-history":[{"count":3,"href":"https:\/\/mil.link\/pl\/wp-json\/wp\/v2\/posts\/2993\/revisions"}],"predecessor-version":[{"id":4046,"href":"https:\/\/mil.link\/pl\/wp-json\/wp\/v2\/posts\/2993\/revisions\/4046"}],"wp:featuredmedia":[{"embeddable":true,"href":"https:\/\/mil.link\/pl\/wp-json\/wp\/v2\/media\/2994"}],"wp:attachment":[{"href":"https:\/\/mil.link\/pl\/wp-json\/wp\/v2\/media?parent=2993"}],"wp:term":[{"taxonomy":"category","embeddable":true,"href":"https:\/\/mil.link\/pl\/wp-json\/wp\/v2\/categories?post=2993"},{"taxonomy":"post_tag","embeddable":true,"href":"https:\/\/mil.link\/pl\/wp-json\/wp\/v2\/tags?post=2993"}],"curies":[{"name":"wp","href":"https:\/\/api.w.org\/{rel}","templated":true}]}}