{"id":3178,"date":"2017-07-18T20:53:21","date_gmt":"2017-07-18T20:53:21","guid":{"rendered":"https:\/\/sztab.org\/?p=3178"},"modified":"2018-04-10T12:49:08","modified_gmt":"2018-04-10T12:49:08","slug":"wystapienie-trumpa","status":"publish","type":"post","link":"https:\/\/mil.link\/pl\/wystapienie-trumpa\/","title":{"rendered":"Wyst\u0105pienie Trumpa &#8211; lekcja dla \u015bwiata zachodniego"},"content":{"rendered":"<h2>Wymiar ekonomiczny &#8211; czy tylko?<\/h2>\n<p>Wizyta Prezydenta Stan\u00f3w Zjednoczonych, Donalda Trumpa to opr\u00f3cz charakteru politycznego przekazanie pewnego sygna\u0142u politycznego. Stanowi\u0142a ona tak\u017ce drogowskaz\u00a0dla \u015bwiata i cywilizacji zachodniej. Mo\u017cna si\u0119 zgadza\u0107 lub nie co do oceny samej wizyty i uzyskanych z niej potencjalnych korzy\u015bci. \u00a0Obietnica dostaw gazu LNG w celu dywersyfikacji czy podpisanie korzystnych list\u00f3w intencyjnych w zakresie uzbrojenia i modernizacji Si\u0142 Zbrojnych RP to jedne z kluczowych decyzji. Oznacza to zatem, \u017ce wymierny efekt wizyty istnieje i dyskredytowanie jej z punktu widzenia ekonomicznego\u00a0nie ma wi\u0119kszego sensu.<\/p>\n<p>Czy jednak najwa\u017cniejsze by\u0142o podpisanie Memorandum Intencji w sprawie systemu Patriot? A mo\u017ce bardziej istotne by\u0142o wyst\u0105pienie na Placu Krasi\u0144skich przed Pomnikiem Powstania Warszawskiego?<\/p>\n<p>Samych analiz wizyty POTUS&#8217;a w Polsce nie b\u0119dziemy\u00a0w tym miejscu przytacza\u0107. Nie ulga jednak w\u0105tpliwo\u015bci, \u017ce Trump skorzysta\u0142 z okazji i w najbardziej dogodnym miejscu w Europie przypomnia\u0142 jej o warto\u015bciach, kt\u00f3re j\u0105 kszta\u0142towa\u0142y. Co wi\u0119cej zrobil to w miejscu wyj\u0105tkowym dla samej Warszawy ale te\u017c dla Polak\u00f3w. Odni\u00f3s\u0142\u00a0si\u0119 tak\u017ce wprost do cywilizacji zachodniej tak\u017ce miejscu istotnym dla \u015bwiata.<\/p>\n<p>Analizuj\u0105c warstw\u0119 retoryczn\u0105 przem\u00f3wienia Donalda Trumpa na Placu Krasi\u0144skich w Warszawie mo\u017cemy je podzieli\u0107 na kilka cz\u0119\u015bci sk\u0142adowych. Mo\u017cna si\u0119 zastanawia\u0107 kto by\u0142 grup\u0105 docelow\u0105 wyst\u0105pienia, ale trudno przypuszcza\u0107, \u017ce w przyja\u017anie nastawionej i rozumiej\u0105cej jak nikt potrzeb\u0119 zaanga\u017cowania si\u0119 Polsce, Prezydent Trump potrzebowa\u0142\u00a0wzmacnia\u0107 jeszcze bardziej przekaz dotycz\u0105cy bezpiecze\u0144stwa na \u015bwiecie. Walka z terroryzmem, kt\u00f3ry jak wiemy wyst\u0119puje na szcz\u0119\u015bcie marginalnie (o ile w og\u00f3le) w naszym kraju, nie jest kluczem do serc Polak\u00f3w. Pami\u0119tajmy jednak, \u017ce przem\u00f3wienie by\u0142o\u00a0transmitowane praktycznie na ca\u0142ym \u015bwiecie, w tym s\u0142uchane na pewno z wyj\u0105tkow\u0105 uwag\u0105 w Moskwie, Berlinie i Pary\u017cu. Zapewne tak\u017ce w Waszyngtonie.<\/p>\n<h2>Nie tylko figury retoryczne<\/h2>\n<p>Trump, a w\u0142a\u015bciwie zesp\u00f3\u0142 ludzi przygotowuj\u0105cych tekst, si\u0119gn\u0119li\u00a0po znane i jednocze\u015bnie wymagane\u00a0figury jak np.: podzi\u0119kowanie weteranom Powstania Warszawskiego i Powstania w Getcie Warszawskim i II Wojny \u015awiatowej. Odnosz\u0105 si\u0119 wprost do \u017co\u0142nierzy ameryka\u0144skich podzi\u0119kowa\u0142 za ich wzorowo pe\u0142nion\u0105\u00a0s\u0142u\u017cb\u0119 na wschodniej flance NATO. Chwali\u0142 te\u017c gospodarza wizyty. Lecz nie to jest kluczowe.<\/p>\n<p>Prezydent USA zacz\u0105\u0142 mocno. M\u00f3wi\u0142 o dumnej Polsce, sercu Europy, m\u00f3wi\u0142 o narodzie kt\u00f3rego duch jest silny i kt\u00f3rego to ducha nie da\u0142o si\u0119 nigdy wymaza\u0107 z Naszych serc. To oczywi\u015bcie mi\u0142e s\u0142owa dla s\u0142uchaj\u0105cych. Dotykaj\u0105c\u00a0najtragiczniejszych moment\u00f3w w dziejach naszego kraju Trump podkre\u015bla przede wszystkim wysi\u0142ek Polak\u00f3w. Wysi\u0142ek nie tylko o swoj\u0105 ukochan\u0105 ojczyzn\u0119 ale tak\u017ce ten\u00a0poniesiony w walce o cywilizacj\u0119. Nasz\u0105 cywilizacj\u0119. Cywilizacj\u0119 zachodni\u0105.<\/p>\n<p>Podkre\u015blone zostaje wyra\u017anie, jak wa\u017cna, poprzez swoje dziedzictwo i to\u017csamo\u015b\u0107 kulturow\u0105 jest Polska dla Europy i jak wa\u017cna Europa przez to jest dla Zachodu. Oczywi\u015bcie Trump wspomina o &#8222;pogubieniu&#8221; si\u0119 Rosji w konflikcie na Ukrainie, Syrii i Iranie, ale nie zatrzymuje si\u0119 przy tych tematach d\u0142u\u017cej jak jedno zdanie. Osi\u0105 narracji dalej pozostaje bezpiecze\u0144stwo, ale w wymiarze globalnym: wojna z terroryzmem, inwestycje w sojusz, modernizacje, wydatki na armi\u0119. Mo\u017cna za\u0142o\u017cy\u0107 zatem, \u017ce wszystko jest jak by\u0107 powinno w kurtuazyjnym wyst\u0105pieniu g\u0142owy pa\u0144stwa, mocarstwa globalnego. Jednak pozostaje pewien niedosyt w takiej ocenie.<\/p>\n<h2>Co powinno w nas zosta\u0107?<\/h2>\n<p>Czy\u017c nie jest tak, \u017ce m\u0142odszy de facto\u00a0brat pokaza\u0142 Nam kim jeste\u015bmy? Jakie mamy korzenie? Pokaza\u0142 nam, \u017ce nasz\u0105 histori\u0105 i naszym \u015bwiadectwem stworzyli\u015bmy co\u015b niesamowitego &#8211; cywilizacj\u0119 zachodni\u0105, kt\u00f3ra wyda\u0142a na \u015bwiat najpi\u0119kniejsze dzie\u0142a.<\/p>\n<p>Pokaza\u0142 nam najwy\u017csz\u0105 warto\u015b\u0107 &#8211; rodzin\u0119. Wskaza\u0142 moc wsp\u00f3lnoty jak\u0105 stworzyli\u015bmy jako pa\u0144stwa obszaru atlantyckiego. Wsp\u00f3lnot\u0119, kt\u00f3ra opiera si\u0119 mi\u0119dzy innymi na warto\u015bciach chrze\u015bcija\u0144skich i kt\u00f3ra stanowi o pot\u0119dze Naszej cywilizacji. Dzi\u015b nie umiemy oceni\u0107, czy przem\u00f3wienie Donalda Trumpa to krok w kierunku obudzenia si\u0119 Europy z letargu. Nie tak dawno przecie\u017c do powstania z kolan nawo\u0142ywa\u0142a Europ\u0119 Premier Beata Szyd\u0142o. Nie wiemy, czy jest to odniesienie si\u0119 wprost do &#8222;huntingtonowskiego&#8221; zderzenia cywilizacji.<\/p>\n<p>Jedno co wiemy, \u017ce nikt inny\u00a0ale\u00a0Prezydent Stan\u00f3w Zjednoczonych umiejscowi\u0142 Polsk\u0119 jako jeden z wa\u017cniejszych filar\u00f3w cywilizacji zachodniej, jednocze\u015bnie stawiaj\u0105c Nasz kraj jako wz\u00f3r dla Europy. Ile by nie by\u0142o w tym kurtuazji &#8211; dzi\u0119kujemy Panu, Panie Prezydencie.<\/p>\n<p>Pe\u0142ny tekst przem\u00f3wienia mo\u017cna przeczyta\u0107 w serwisie\u00a0<a href=\"http:\/\/edition.cnn.com\/2017\/07\/06\/politics\/trump-speech-poland-transcript\/index.html\" target=\"_blank\" rel=\"noopener\">CNN politics<\/a>.<\/p>\n<hr \/>\n<p><strong>Link:\u00a0<\/strong>mil.link\/pl\/wystapienie-trumpa\/<\/p>\n<p><strong>Kr\u00f3tki link:<\/strong> mil.link\/i\/trumpwawa<\/p>\n<hr \/>\n<p>&nbsp;<\/p>\n","protected":false},"excerpt":{"rendered":"<p>Wymiar ekonomiczny &#8211; czy tylko? Wizyta Prezydenta Stan\u00f3w Zjednoczonych, Donalda Trumpa to opr\u00f3cz charakteru politycznego przekazanie pewnego sygna\u0142u politycznego. Stanowi\u0142a ona tak\u017ce drogowskaz\u00a0dla \u015bwiata i cywilizacji zachodniej. Mo\u017cna si\u0119 zgadza\u0107 lub nie co do oceny samej wizyty i uzyskanych z niej potencjalnych korzy\u015bci. \u00a0Obietnica dostaw gazu LNG w celu dywersyfikacji czy podpisanie korzystnych list\u00f3w intencyjnych  &#8230;<\/p>\n","protected":false},"author":22,"featured_media":3179,"comment_status":"closed","ping_status":"open","sticky":false,"template":"single-default-ns.php","format":"standard","meta":[],"categories":[3,6,11],"tags":[38,111,144,195,231,284,316,335,336,361],"yoast_head":"<!-- This site is optimized with the Yoast SEO plugin v19.8 - https:\/\/yoast.com\/wordpress\/plugins\/seo\/ -->\n<title>Wyst\u0105pienie Trumpa - lekcja dla \u015bwiata zachodniego | MIL.link - edycja polska<\/title>\n<meta name=\"description\" content=\"Wyst\u0105pienie Trumpa w Warszawie i analiza pod k\u0105tem korzy\u015bci dla spo\u0142ecze\u0144stwa polskiego ale te\u017c dla Europy i \u015bwiata w kontek\u015bcie cywilizacji zachodniej\" \/>\n<meta name=\"robots\" content=\"index, follow, max-snippet:-1, max-image-preview:large, max-video-preview:-1\" \/>\n<link rel=\"canonical\" href=\"https:\/\/mil.link\/pl\/wystapienie-trumpa\/\" \/>\n<meta property=\"og:locale\" content=\"pl_PL\" \/>\n<meta property=\"og:type\" content=\"article\" \/>\n<meta property=\"og:title\" content=\"Wyst\u0105pienie Trumpa - lekcja dla \u015bwiata zachodniego | MIL.link - edycja polska\" \/>\n<meta property=\"og:description\" content=\"Wyst\u0105pienie Trumpa w Warszawie i analiza pod k\u0105tem korzy\u015bci dla spo\u0142ecze\u0144stwa polskiego ale te\u017c dla Europy i \u015bwiata w kontek\u015bcie cywilizacji zachodniej\" \/>\n<meta property=\"og:url\" content=\"https:\/\/mil.link\/pl\/wystapienie-trumpa\/\" \/>\n<meta property=\"og:site_name\" content=\"MIL.link - edycja polska\" \/>\n<meta property=\"article:publisher\" content=\"https:\/\/www.facebook.com\/mildotlink\/\" \/>\n<meta property=\"article:published_time\" content=\"2017-07-18T20:53:21+00:00\" \/>\n<meta property=\"article:modified_time\" content=\"2018-04-10T12:49:08+00:00\" \/>\n<meta property=\"og:image\" content=\"https:\/\/mil.link\/pl\/wp-content\/uploads\/2017\/07\/monument-92827_1920-e1500410937726.jpg\" \/>\n\t<meta property=\"og:image:width\" content=\"1876\" \/>\n\t<meta property=\"og:image:height\" content=\"686\" \/>\n\t<meta property=\"og:image:type\" content=\"image\/jpeg\" \/>\n<meta name=\"author\" content=\"\u0141ukasz Boguszewski\" \/>\n<meta name=\"twitter:card\" content=\"summary_large_image\" \/>\n<meta name=\"twitter:creator\" content=\"@mildotlink\" \/>\n<meta name=\"twitter:site\" content=\"@mildotlink\" \/>\n<meta name=\"twitter:label1\" content=\"Napisane przez\" \/>\n\t<meta name=\"twitter:data1\" content=\"\u0141ukasz Boguszewski\" \/>\n\t<meta name=\"twitter:label2\" content=\"Szacowany czas czytania\" \/>\n\t<meta name=\"twitter:data2\" content=\"4 minuty\" \/>\n<script type=\"application\/ld+json\" class=\"yoast-schema-graph\">{\"@context\":\"https:\/\/schema.org\",\"@graph\":[{\"@type\":\"Article\",\"@id\":\"https:\/\/mil.link\/pl\/wystapienie-trumpa\/#article\",\"isPartOf\":{\"@id\":\"https:\/\/mil.link\/pl\/wystapienie-trumpa\/\"},\"author\":{\"name\":\"\u0141ukasz Boguszewski\",\"@id\":\"https:\/\/mil.link\/pl\/#\/schema\/person\/dea74b89f88b2a8f79a3d67ad4db4692\"},\"headline\":\"Wyst\u0105pienie Trumpa &#8211; lekcja dla \u015bwiata zachodniego\",\"datePublished\":\"2017-07-18T20:53:21+00:00\",\"dateModified\":\"2018-04-10T12:49:08+00:00\",\"mainEntityOfPage\":{\"@id\":\"https:\/\/mil.link\/pl\/wystapienie-trumpa\/\"},\"wordCount\":807,\"publisher\":{\"@id\":\"https:\/\/mil.link\/pl\/#organization\"},\"keywords\":[\"bezpiecze\u0144stwo\",\"geopolityka\",\"KLE\",\"narracja\",\"Polska\",\"strategia\",\"Trump\",\"Warszawa\",\"warto\u015bci\",\"zbrojeni\u00f3wka\"],\"articleSection\":[\"Bezpiecze\u0144stwo\",\"Geopolityka\",\"Terroryzm\"],\"inLanguage\":\"pl-PL\"},{\"@type\":\"WebPage\",\"@id\":\"https:\/\/mil.link\/pl\/wystapienie-trumpa\/\",\"url\":\"https:\/\/mil.link\/pl\/wystapienie-trumpa\/\",\"name\":\"Wyst\u0105pienie Trumpa - lekcja dla \u015bwiata zachodniego | MIL.link - edycja polska\",\"isPartOf\":{\"@id\":\"https:\/\/mil.link\/pl\/#website\"},\"datePublished\":\"2017-07-18T20:53:21+00:00\",\"dateModified\":\"2018-04-10T12:49:08+00:00\",\"description\":\"Wyst\u0105pienie Trumpa w Warszawie i analiza pod k\u0105tem korzy\u015bci dla spo\u0142ecze\u0144stwa polskiego ale te\u017c dla Europy i \u015bwiata w kontek\u015bcie cywilizacji zachodniej\",\"breadcrumb\":{\"@id\":\"https:\/\/mil.link\/pl\/wystapienie-trumpa\/#breadcrumb\"},\"inLanguage\":\"pl-PL\",\"potentialAction\":[{\"@type\":\"ReadAction\",\"target\":[\"https:\/\/mil.link\/pl\/wystapienie-trumpa\/\"]}]},{\"@type\":\"BreadcrumbList\",\"@id\":\"https:\/\/mil.link\/pl\/wystapienie-trumpa\/#breadcrumb\",\"itemListElement\":[{\"@type\":\"ListItem\",\"position\":1,\"name\":\"Strona g\u0142\u00f3wna\",\"item\":\"https:\/\/mil.link\/pl\/\"},{\"@type\":\"ListItem\",\"position\":2,\"name\":\"Wyst\u0105pienie Trumpa &#8211; lekcja dla \u015bwiata zachodniego\"}]},{\"@type\":\"WebSite\",\"@id\":\"https:\/\/mil.link\/pl\/#website\",\"url\":\"https:\/\/mil.link\/pl\/\",\"name\":\"MIL.link - edycja polska\",\"description\":\"\",\"publisher\":{\"@id\":\"https:\/\/mil.link\/pl\/#organization\"},\"potentialAction\":[{\"@type\":\"SearchAction\",\"target\":{\"@type\":\"EntryPoint\",\"urlTemplate\":\"https:\/\/mil.link\/pl\/?s={search_term_string}\"},\"query-input\":\"required name=search_term_string\"}],\"inLanguage\":\"pl-PL\"},{\"@type\":\"Organization\",\"@id\":\"https:\/\/mil.link\/pl\/#organization\",\"name\":\"mil.link\",\"url\":\"https:\/\/mil.link\/pl\/\",\"sameAs\":[\"https:\/\/www.facebook.com\/mildotlink\/\",\"https:\/\/twitter.com\/mildotlink\"],\"logo\":{\"@type\":\"ImageObject\",\"inLanguage\":\"pl-PL\",\"@id\":\"https:\/\/mil.link\/pl\/#\/schema\/logo\/image\/\",\"url\":\"https:\/\/mil.link\/pl\/wp-content\/uploads\/2018\/04\/millink.png\",\"contentUrl\":\"https:\/\/mil.link\/pl\/wp-content\/uploads\/2018\/04\/millink.png\",\"width\":317,\"height\":93,\"caption\":\"mil.link\"},\"image\":{\"@id\":\"https:\/\/mil.link\/pl\/#\/schema\/logo\/image\/\"}},{\"@type\":\"Person\",\"@id\":\"https:\/\/mil.link\/pl\/#\/schema\/person\/dea74b89f88b2a8f79a3d67ad4db4692\",\"name\":\"\u0141ukasz Boguszewski\",\"description\":\"Absolwent WAT w Warszawie i Naval War College w Newport, USA. Aktualnie doktorant Akademii Sztuki Wojennej na Wydziale Bezpiecze\u0144stwa Narodowego. Interesuje si\u0119 komunikacj\u0105 strategiczn\u0105 i jej implementacj\u0105 na poziomie narodowym.\",\"url\":\"https:\/\/mil.link\/pl\/author\/lukaszboguszewski\/\"}]}<\/script>\n<!-- \/ Yoast SEO plugin. -->","yoast_head_json":{"title":"Wyst\u0105pienie Trumpa - lekcja dla \u015bwiata zachodniego | MIL.link - edycja polska","description":"Wyst\u0105pienie Trumpa w Warszawie i analiza pod k\u0105tem korzy\u015bci dla spo\u0142ecze\u0144stwa polskiego ale te\u017c dla Europy i \u015bwiata w kontek\u015bcie cywilizacji zachodniej","robots":{"index":"index","follow":"follow","max-snippet":"max-snippet:-1","max-image-preview":"max-image-preview:large","max-video-preview":"max-video-preview:-1"},"canonical":"https:\/\/mil.link\/pl\/wystapienie-trumpa\/","og_locale":"pl_PL","og_type":"article","og_title":"Wyst\u0105pienie Trumpa - lekcja dla \u015bwiata zachodniego | MIL.link - edycja polska","og_description":"Wyst\u0105pienie Trumpa w Warszawie i analiza pod k\u0105tem korzy\u015bci dla spo\u0142ecze\u0144stwa polskiego ale te\u017c dla Europy i \u015bwiata w kontek\u015bcie cywilizacji zachodniej","og_url":"https:\/\/mil.link\/pl\/wystapienie-trumpa\/","og_site_name":"MIL.link - edycja polska","article_publisher":"https:\/\/www.facebook.com\/mildotlink\/","article_published_time":"2017-07-18T20:53:21+00:00","article_modified_time":"2018-04-10T12:49:08+00:00","og_image":[{"width":1876,"height":686,"url":"https:\/\/mil.link\/pl\/wp-content\/uploads\/2017\/07\/monument-92827_1920-e1500410937726.jpg","type":"image\/jpeg"}],"author":"\u0141ukasz Boguszewski","twitter_card":"summary_large_image","twitter_creator":"@mildotlink","twitter_site":"@mildotlink","twitter_misc":{"Napisane przez":"\u0141ukasz Boguszewski","Szacowany czas czytania":"4 minuty"},"schema":{"@context":"https:\/\/schema.org","@graph":[{"@type":"Article","@id":"https:\/\/mil.link\/pl\/wystapienie-trumpa\/#article","isPartOf":{"@id":"https:\/\/mil.link\/pl\/wystapienie-trumpa\/"},"author":{"name":"\u0141ukasz Boguszewski","@id":"https:\/\/mil.link\/pl\/#\/schema\/person\/dea74b89f88b2a8f79a3d67ad4db4692"},"headline":"Wyst\u0105pienie Trumpa &#8211; lekcja dla \u015bwiata zachodniego","datePublished":"2017-07-18T20:53:21+00:00","dateModified":"2018-04-10T12:49:08+00:00","mainEntityOfPage":{"@id":"https:\/\/mil.link\/pl\/wystapienie-trumpa\/"},"wordCount":807,"publisher":{"@id":"https:\/\/mil.link\/pl\/#organization"},"keywords":["bezpiecze\u0144stwo","geopolityka","KLE","narracja","Polska","strategia","Trump","Warszawa","warto\u015bci","zbrojeni\u00f3wka"],"articleSection":["Bezpiecze\u0144stwo","Geopolityka","Terroryzm"],"inLanguage":"pl-PL"},{"@type":"WebPage","@id":"https:\/\/mil.link\/pl\/wystapienie-trumpa\/","url":"https:\/\/mil.link\/pl\/wystapienie-trumpa\/","name":"Wyst\u0105pienie Trumpa - lekcja dla \u015bwiata zachodniego | MIL.link - edycja polska","isPartOf":{"@id":"https:\/\/mil.link\/pl\/#website"},"datePublished":"2017-07-18T20:53:21+00:00","dateModified":"2018-04-10T12:49:08+00:00","description":"Wyst\u0105pienie Trumpa w Warszawie i analiza pod k\u0105tem korzy\u015bci dla spo\u0142ecze\u0144stwa polskiego ale te\u017c dla Europy i \u015bwiata w kontek\u015bcie cywilizacji zachodniej","breadcrumb":{"@id":"https:\/\/mil.link\/pl\/wystapienie-trumpa\/#breadcrumb"},"inLanguage":"pl-PL","potentialAction":[{"@type":"ReadAction","target":["https:\/\/mil.link\/pl\/wystapienie-trumpa\/"]}]},{"@type":"BreadcrumbList","@id":"https:\/\/mil.link\/pl\/wystapienie-trumpa\/#breadcrumb","itemListElement":[{"@type":"ListItem","position":1,"name":"Strona g\u0142\u00f3wna","item":"https:\/\/mil.link\/pl\/"},{"@type":"ListItem","position":2,"name":"Wyst\u0105pienie Trumpa &#8211; lekcja dla \u015bwiata zachodniego"}]},{"@type":"WebSite","@id":"https:\/\/mil.link\/pl\/#website","url":"https:\/\/mil.link\/pl\/","name":"MIL.link - edycja polska","description":"","publisher":{"@id":"https:\/\/mil.link\/pl\/#organization"},"potentialAction":[{"@type":"SearchAction","target":{"@type":"EntryPoint","urlTemplate":"https:\/\/mil.link\/pl\/?s={search_term_string}"},"query-input":"required name=search_term_string"}],"inLanguage":"pl-PL"},{"@type":"Organization","@id":"https:\/\/mil.link\/pl\/#organization","name":"mil.link","url":"https:\/\/mil.link\/pl\/","sameAs":["https:\/\/www.facebook.com\/mildotlink\/","https:\/\/twitter.com\/mildotlink"],"logo":{"@type":"ImageObject","inLanguage":"pl-PL","@id":"https:\/\/mil.link\/pl\/#\/schema\/logo\/image\/","url":"https:\/\/mil.link\/pl\/wp-content\/uploads\/2018\/04\/millink.png","contentUrl":"https:\/\/mil.link\/pl\/wp-content\/uploads\/2018\/04\/millink.png","width":317,"height":93,"caption":"mil.link"},"image":{"@id":"https:\/\/mil.link\/pl\/#\/schema\/logo\/image\/"}},{"@type":"Person","@id":"https:\/\/mil.link\/pl\/#\/schema\/person\/dea74b89f88b2a8f79a3d67ad4db4692","name":"\u0141ukasz Boguszewski","description":"Absolwent WAT w Warszawie i Naval War College w Newport, USA. Aktualnie doktorant Akademii Sztuki Wojennej na Wydziale Bezpiecze\u0144stwa Narodowego. Interesuje si\u0119 komunikacj\u0105 strategiczn\u0105 i jej implementacj\u0105 na poziomie narodowym.","url":"https:\/\/mil.link\/pl\/author\/lukaszboguszewski\/"}]}},"_links":{"self":[{"href":"https:\/\/mil.link\/pl\/wp-json\/wp\/v2\/posts\/3178"}],"collection":[{"href":"https:\/\/mil.link\/pl\/wp-json\/wp\/v2\/posts"}],"about":[{"href":"https:\/\/mil.link\/pl\/wp-json\/wp\/v2\/types\/post"}],"author":[{"embeddable":true,"href":"https:\/\/mil.link\/pl\/wp-json\/wp\/v2\/users\/22"}],"replies":[{"embeddable":true,"href":"https:\/\/mil.link\/pl\/wp-json\/wp\/v2\/comments?post=3178"}],"version-history":[{"count":5,"href":"https:\/\/mil.link\/pl\/wp-json\/wp\/v2\/posts\/3178\/revisions"}],"predecessor-version":[{"id":3900,"href":"https:\/\/mil.link\/pl\/wp-json\/wp\/v2\/posts\/3178\/revisions\/3900"}],"wp:featuredmedia":[{"embeddable":true,"href":"https:\/\/mil.link\/pl\/wp-json\/wp\/v2\/media\/3179"}],"wp:attachment":[{"href":"https:\/\/mil.link\/pl\/wp-json\/wp\/v2\/media?parent=3178"}],"wp:term":[{"taxonomy":"category","embeddable":true,"href":"https:\/\/mil.link\/pl\/wp-json\/wp\/v2\/categories?post=3178"},{"taxonomy":"post_tag","embeddable":true,"href":"https:\/\/mil.link\/pl\/wp-json\/wp\/v2\/tags?post=3178"}],"curies":[{"name":"wp","href":"https:\/\/api.w.org\/{rel}","templated":true}]}}