{"id":4110,"date":"2018-08-06T08:44:06","date_gmt":"2018-08-06T08:44:06","guid":{"rendered":"https:\/\/mil.link\/pl\/?p=4110"},"modified":"2018-08-06T08:48:26","modified_gmt":"2018-08-06T08:48:26","slug":"syrenowe-mity","status":"publish","type":"post","link":"https:\/\/mil.link\/pl\/syrenowe-mity\/","title":{"rendered":"Syrenowe mity"},"content":{"rendered":"<p><strong>Za nami kolejna rocznica wybuchu Powstania Warszawskiego. Jak co roku z tej okazji w ca\u0142ej Polsce zawy\u0142y syreny alarmowe i jak co roku zainicjowa\u0142o to tak\u017ce gor\u0105ce dyskusje. Najwi\u0119ksze toczone s\u0105 na temat s\u0142uszno\u015bci wybuchu zbrojnego zrywu przeciwko okupantowi, ale nie nikn\u0105 tak\u017ce te dotycz\u0105ce u\u017cycia do upami\u0119tnienia tego wydarzenia syren alarmowych. I, jak co roku, powtarzane jest wiele mit\u00f3w na ten temat.<\/strong><\/p>\n<p>Zawsze kiedy wyj\u0105 syreny, a zdarza si\u0119 to w skali og\u00f3lnokrajowej raz w roku, w przestrzeni publicznej pojawia si\u0119 wiele komentarzy dotycz\u0105cych tego wydarzenia. Cz\u0119\u015b\u0107 z nich jednak ma niewiele, a reszta nic wsp\u00f3lnego z rzeczywisto\u015bci\u0105. Tekstem tym chcia\u0142bym si\u0119 definitywnie rozprawi\u0107 z kilkoma bardzo popularnymi twierdzeniami dotycz\u0105cymi <strong>system\u00f3w wczesnego ostrzegania<\/strong>.<\/p>\n<p>Podstaw\u0105 prawn\u0105 funkcjonowania system\u00f3w wczesnego ostrzegania s\u0105 Ustawa z dnia 21 listopada 1967 roku o Powszechnym obowi\u0105zku obrony RP \u2013 art. 17 ust. 7, rozporz\u0105dzenie Rady Ministr\u00f3w\u00a0 w sprawie szczeg\u00f3\u0142owego zakresu dzia\u0142ania Szefa Obrony Cywilnej Kraju, szef\u00f3w obrony cywilnej wojew\u00f3dztw, powiat\u00f3w i gmin \u2013 par. 3 pkt. 6 oraz stosowne zarz\u0105dzenia wojewod\u00f3w w sprawie organizacji i dzia\u0142ania systemu wczesnego ostrzegania. Celem systemu jest wykrywanie zagro\u017ce\u0144, informowanie o nich ludno\u015bci oraz utrzymanie w gotowo\u015bci do rozwini\u0119cia systemu wykrywania i alarmowania, w tym wojew\u00f3dzkiego systemu syren alarmowych. Organizacj\u0105 systemu na szczeblu wojew\u00f3dztwa zajmuj\u0105 si\u0119 wojewodowie, na potrzeby realizacji zada\u0144 systemu w sytuacji wyst\u0105pienia zagro\u017ce\u0144 i zdarze\u0144 o charakterze ponadlokalnym. Na szczeblu powiatu starostowie oraz prezydenci miast na prawach powiatu, a na szczeblu gminnym w\u00f3jtowie, burmistrzowie i prezydenci miast. W zwi\u0105zku z tym, \u017ce w systemie udzia\u0142 bierze wiele podmiot\u00f3w (na poziomie powiatu czy gminy dochodzi do kolejnej fragmentacji, w sk\u0142ad systemu syren alarmowych wchodz\u0105 bowiem urz\u0105dzenia zar\u00f3wno miejskie, jak i te b\u0119d\u0105ce np. w zarz\u0105dzie zak\u0142ad\u00f3w pracy) uznano, \u017ce stosownym b\u0119dzie, raz w roku, przeprowadzenie testu sprawno\u015bci ca\u0142o\u015bci systemu i jego synchronizacji. Na dat\u0119 tego wydarzenia wybrano dzie\u0144 wybuchu powstania, aby PRZY OKAZJI krajowego testu uczci\u0107 t\u0119 niezwykle wa\u017cn\u0105 dla polskiej walki niepodleg\u0142o\u015bciowej dat\u0119. Dodatkowym atutem 1 sierpnia jest tak\u017ce fakt wyst\u0119powania w tym okresie wysokich temperatur, kt\u00f3re nie s\u0105 bez znaczenia dla ca\u0142ej aparatury syren, zar\u00f3wno tych jeszcze wykorzystywanych mechanicznych, jak i sukcesywnie montowanych, nowoczesnym syren elektronicznych. Chodzi bowiem o sprawdzenie ich sprawno\u015bci pod znacznie wi\u0119kszym obci\u0105\u017ceniem.<\/p>\n<p>Jednym z najcz\u0119\u015bciej pojawiaj\u0105cych si\u0119 zarzut\u00f3w na temat <strong>systemu syren alarmowych<\/strong> jest ten m\u00f3wi\u0105cy o powszednieniu, czyli zbyt cz\u0119stym nadawaniu sygna\u0142u, wskutek czego traci on swoje atuty alarmowania o jakim\u015b niecodziennym zjawisku. Og\u00f3lnopolski test przeprowadzany jest raz do roku. Trudno w takim przypadku m\u00f3wi\u0107 o jakimkolwiek powszednieniu czego\u015b, co wyst\u0119puje raz na 365 dni, nawet bior\u0105c od uwag\u0119 fakt wyst\u0119powania innych trening\u00f3w sprawno\u015bci syren, kt\u00f3re cyklicznie wyst\u0119puj\u0105 lokalnie, zazwyczaj na terenie poszczeg\u00f3lnych wojew\u00f3dztw. Przede wszystkim jednak argument powszednienia sygna\u0142u alarmowego jest ca\u0142kowicie nietrafiony z uwagi na to, \u017ce ka\u017cdorazowo test sprawno\u015bci syren alarmowych polega na nadawaniu sygna\u0142u d\u017awi\u0119kowego informuj\u0105cego o ODWO\u0141ANIU alarmu. Jest to trwaj\u0105cy 3 minuty sygna\u0142 d\u017awi\u0119kowy ci\u0105g\u0142y.<\/p>\n<p>Dochodzimy w tym miejscu do kolejnej argumentacji, jakoby wykorzystywanie syren alarmowych (nawet w uzasadnionym przypadku) i tak nie mia\u0142o wi\u0119kszego znaczenia z powodu nieznajomo\u015bci przez wi\u0119kszo\u015b\u0107 spo\u0142ecze\u0144stwa ich rodzaj\u00f3w. Pomijaj\u0105c w tym miejscu fakt rzeczywistego, niskiego poziomu wiedzy spo\u0142ecze\u0144stwa o bezpiecze\u0144stwie zaznaczy\u0107 trzeba, \u017ce obecnie istniej\u0105 jedynie DWA sygna\u0142y alarmowe (Rozporz\u0105dzenie Rady Ministr\u00f3w z dnia 7 stycznia 2013 w sprawie system\u00f3w wykrywania ska\u017ce\u0144 i powiadamiania o ich wyst\u0105pieniu oraz w\u0142a\u015bciwo\u015bci organ\u00f3w w tych sprawach). S\u0105 to sygna\u0142 akustyczny modulowany trwaj\u0105cy 3 minuty i informuj\u0105cy o og\u0142oszeniu alarmu oraz sygna\u0142 akustyczny ci\u0105g\u0142y o kt\u00f3rym wspomniano ju\u017c powy\u017cej. Wesp\u00f3\u0142 z og\u0142oszeniem alarmu uruchamiany zostaje ca\u0142y system wczesnego ostrzegania &#8211; nadane zostan\u0105 tak\u017ce komunikaty w \u015brodkach masowego przekazu, w tym komunikaty SMS, kt\u00f3rych wdro\u017cenie jest kwesti\u0105 czasu (4 stycznia br. Rada Ministr\u00f3w przyj\u0119\u0142a projekt zmian w ustawie Prawo telekomunikacyjne, kt\u00f3re dotycz\u0105 m.in. zmian w ustawie o zarz\u0105dzaniu kryzysowym. Projektowane przepisy umo\u017cliwiaj\u0105 powiadamianie mieszka\u0144c\u00f3w o zagro\u017ceniach i sytuacjach kryzysowych, mog\u0105cych wyst\u0105pi\u0107 w ich okolicy). Nowoczesne, elektroniczne syreny alarmowe, kt\u00f3re sukcesywnie zast\u0119puj\u0105 wys\u0142u\u017cone syreny mechaniczne, dodatkowo wyposa\u017cone s\u0105 tak\u017ce w mo\u017cliwo\u015b\u0107 nadania komunikatu g\u0142osowego np. informuj\u0105cego o przyczynie wszcz\u0119cia alarmu.<\/p>\n<a href=\"https:\/\/mil.link\/pl\/wp-content\/uploads\/2018\/08\/pp-img01.png\"><img loading=\"lazy\" class=\" wp-image-4112 aligncenter\" src=\"https:\/\/mil.link\/pl\/wp-content\/uploads\/2018\/08\/pp-img01-300x163.png\" alt=\"\" width=\"471\" height=\"256\" srcset=\"https:\/\/mil.link\/pl\/wp-content\/uploads\/2018\/08\/pp-img01-300x163.png 300w, https:\/\/mil.link\/pl\/wp-content\/uploads\/2018\/08\/pp-img01-768x417.png 768w, https:\/\/mil.link\/pl\/wp-content\/uploads\/2018\/08\/pp-img01.png 872w\" sizes=\"(max-width: 471px) 100vw, 471px\" \/><\/a>\n<h6 style=\"text-align: center\"><em>\u0179r\u00f3d\u0142o: Wydzia\u0142 Zarz\u0105dzania Kryzysowego, UM Ruda \u015al\u0105ska<\/em><\/h6>\n<p>O tym jak post\u0119powa\u0107 w przypadku og\u0142oszenia alarmu informuj\u0105 z na swoich stronach Wydzia\u0142y lub Centra Zarz\u0105dzania Kryzysowego urz\u0119d\u00f3w wojew\u00f3dzkich, powiatowych i gminnych. Wiele informacji udost\u0119pnia tak\u017ce Rz\u0105dowe Centrum Bezpiecze\u0144stwa, kt\u00f3re pe\u0142ni rol\u0119 krajowego Centrum Zarz\u0105dzania Kryzysowego.<\/p>\n<p>Kilkakrotnie w tek\u015bcie zastosowano zamiennie sformu\u0142owania System Wczesnego Ostrzegania oraz system syren alarmowych. Opisywane tutaj systemy syren alarmowych s\u0105 cz\u0119\u015bci\u0105 Systemu Wczesnego Ostrzegania, kt\u00f3re mog\u0105 by\u0107 wykorzystywane do ostrzegania i alarmowania ludno\u015bci, w\u0142a\u015bnie w ramach SWO. Innymi sposobami poinformowania ludno\u015bci o zdarzeniu mog\u0105cym wp\u0142ywa\u0107 na ich bezpiecze\u0144stwo s\u0105 komunikaty i ostrze\u017cenia nadawane przez regionalne i lokalne stacje radiowe i telewizyjne, systemy telekomunikacyjne, jak wspomniany ju\u017c, a b\u0119d\u0105cy w przygotowaniu system SMS czy aplikacje mobilne typu RSO lub radiowe komunikaty RDS, a tak\u017ce komunikaty przekazywane za po\u015brednictwem urz\u0105dze\u0144 nag\u0142a\u015bniaj\u0105cych w zak\u0142adach pracy czy zamontowane na pojazdach. Pami\u0119ta\u0107 nale\u017cy jednak przede wszystkim o adekwatno\u015bci wykorzystywanego kana\u0142u do rodzaju i skali zagro\u017cenia. Nie ka\u017cde zagro\u017cenie wyst\u0119puj\u0105ce na terenie gminy, powiatu czy wojew\u00f3dztwa musi i b\u0119dzie uruchamia\u0142o jednocze\u015bnie wszystkie mo\u017cliwe kana\u0142y informowania. W przypadku systemu syren alarmowych b\u0119d\u0105 to wi\u0119c zdarzenia o najci\u0119\u017cszym charakterze.<\/p>\n","protected":false},"excerpt":{"rendered":"<p>Za nami kolejna rocznica wybuchu Powstania Warszawskiego. Jak co roku z tej okazji w ca\u0142ej Polsce zawy\u0142y syreny alarmowe i jak co roku zainicjowa\u0142o to tak\u017ce gor\u0105ce dyskusje. Najwi\u0119ksze toczone s\u0105 na temat s\u0142uszno\u015bci wybuchu zbrojnego zrywu przeciwko okupantowi, ale nie nikn\u0105 tak\u017ce te dotycz\u0105ce u\u017cycia do upami\u0119tnienia tego wydarzenia syren alarmowych. I, jak co  &#8230;<\/p>\n","protected":false},"author":38,"featured_media":4111,"comment_status":"closed","ping_status":"open","sticky":false,"template":"single-default-ns.php","format":"standard","meta":[],"categories":[3],"tags":[38,407,408,406],"yoast_head":"<!-- This site is optimized with the Yoast SEO plugin v19.8 - https:\/\/yoast.com\/wordpress\/plugins\/seo\/ -->\n<title>Syrenowe mity | MIL.link - edycja polska<\/title>\n<meta name=\"robots\" content=\"index, follow, max-snippet:-1, max-image-preview:large, max-video-preview:-1\" \/>\n<link rel=\"canonical\" href=\"https:\/\/mil.link\/pl\/syrenowe-mity\/\" \/>\n<meta property=\"og:locale\" content=\"pl_PL\" \/>\n<meta property=\"og:type\" content=\"article\" \/>\n<meta property=\"og:title\" content=\"Syrenowe mity | MIL.link - edycja polska\" \/>\n<meta property=\"og:description\" content=\"Za nami kolejna rocznica wybuchu Powstania Warszawskiego. Jak co roku z tej okazji w ca\u0142ej Polsce zawy\u0142y syreny alarmowe i jak co roku zainicjowa\u0142o to tak\u017ce gor\u0105ce dyskusje. Najwi\u0119ksze toczone s\u0105 na temat s\u0142uszno\u015bci wybuchu zbrojnego zrywu przeciwko okupantowi, ale nie nikn\u0105 tak\u017ce te dotycz\u0105ce u\u017cycia do upami\u0119tnienia tego wydarzenia syren alarmowych. I, jak co ...\" \/>\n<meta property=\"og:url\" content=\"https:\/\/mil.link\/pl\/syrenowe-mity\/\" \/>\n<meta property=\"og:site_name\" content=\"MIL.link - edycja polska\" \/>\n<meta property=\"article:publisher\" content=\"https:\/\/www.facebook.com\/mildotlink\/\" \/>\n<meta property=\"article:published_time\" content=\"2018-08-06T08:44:06+00:00\" \/>\n<meta property=\"article:modified_time\" content=\"2018-08-06T08:48:26+00:00\" \/>\n<meta property=\"og:image\" content=\"https:\/\/mil.link\/pl\/wp-content\/uploads\/2018\/08\/thumb_28_860x345_0_0_crop.png\" \/>\n\t<meta property=\"og:image:width\" content=\"860\" \/>\n\t<meta property=\"og:image:height\" content=\"345\" \/>\n\t<meta property=\"og:image:type\" content=\"image\/png\" \/>\n<meta name=\"author\" content=\"Micha\u0142 Mi\u015bko\" \/>\n<meta name=\"twitter:card\" content=\"summary_large_image\" \/>\n<meta name=\"twitter:creator\" content=\"@mildotlink\" \/>\n<meta name=\"twitter:site\" content=\"@mildotlink\" \/>\n<meta name=\"twitter:label1\" content=\"Napisane przez\" \/>\n\t<meta name=\"twitter:data1\" content=\"Micha\u0142 Mi\u015bko\" \/>\n\t<meta name=\"twitter:label2\" content=\"Szacowany czas czytania\" \/>\n\t<meta name=\"twitter:data2\" content=\"5 minut\" \/>\n<script type=\"application\/ld+json\" class=\"yoast-schema-graph\">{\"@context\":\"https:\/\/schema.org\",\"@graph\":[{\"@type\":\"Article\",\"@id\":\"https:\/\/mil.link\/pl\/syrenowe-mity\/#article\",\"isPartOf\":{\"@id\":\"https:\/\/mil.link\/pl\/syrenowe-mity\/\"},\"author\":{\"name\":\"Micha\u0142 Mi\u015bko\",\"@id\":\"https:\/\/mil.link\/pl\/#\/schema\/person\/6af452e57fa7df4b21b29fd8c1d33487\"},\"headline\":\"Syrenowe mity\",\"datePublished\":\"2018-08-06T08:44:06+00:00\",\"dateModified\":\"2018-08-06T08:48:26+00:00\",\"mainEntityOfPage\":{\"@id\":\"https:\/\/mil.link\/pl\/syrenowe-mity\/\"},\"wordCount\":1035,\"publisher\":{\"@id\":\"https:\/\/mil.link\/pl\/#organization\"},\"keywords\":[\"bezpiecze\u0144stwo\",\"obrona cywilna\",\"syreny alarmowe\",\"zarz\u0105dzanie kryzysowe\"],\"articleSection\":[\"Bezpiecze\u0144stwo\"],\"inLanguage\":\"pl-PL\"},{\"@type\":\"WebPage\",\"@id\":\"https:\/\/mil.link\/pl\/syrenowe-mity\/\",\"url\":\"https:\/\/mil.link\/pl\/syrenowe-mity\/\",\"name\":\"Syrenowe mity | MIL.link - edycja polska\",\"isPartOf\":{\"@id\":\"https:\/\/mil.link\/pl\/#website\"},\"datePublished\":\"2018-08-06T08:44:06+00:00\",\"dateModified\":\"2018-08-06T08:48:26+00:00\",\"breadcrumb\":{\"@id\":\"https:\/\/mil.link\/pl\/syrenowe-mity\/#breadcrumb\"},\"inLanguage\":\"pl-PL\",\"potentialAction\":[{\"@type\":\"ReadAction\",\"target\":[\"https:\/\/mil.link\/pl\/syrenowe-mity\/\"]}]},{\"@type\":\"BreadcrumbList\",\"@id\":\"https:\/\/mil.link\/pl\/syrenowe-mity\/#breadcrumb\",\"itemListElement\":[{\"@type\":\"ListItem\",\"position\":1,\"name\":\"Strona g\u0142\u00f3wna\",\"item\":\"https:\/\/mil.link\/pl\/\"},{\"@type\":\"ListItem\",\"position\":2,\"name\":\"Syrenowe mity\"}]},{\"@type\":\"WebSite\",\"@id\":\"https:\/\/mil.link\/pl\/#website\",\"url\":\"https:\/\/mil.link\/pl\/\",\"name\":\"MIL.link - edycja polska\",\"description\":\"\",\"publisher\":{\"@id\":\"https:\/\/mil.link\/pl\/#organization\"},\"potentialAction\":[{\"@type\":\"SearchAction\",\"target\":{\"@type\":\"EntryPoint\",\"urlTemplate\":\"https:\/\/mil.link\/pl\/?s={search_term_string}\"},\"query-input\":\"required name=search_term_string\"}],\"inLanguage\":\"pl-PL\"},{\"@type\":\"Organization\",\"@id\":\"https:\/\/mil.link\/pl\/#organization\",\"name\":\"mil.link\",\"url\":\"https:\/\/mil.link\/pl\/\",\"sameAs\":[\"https:\/\/www.facebook.com\/mildotlink\/\",\"https:\/\/twitter.com\/mildotlink\"],\"logo\":{\"@type\":\"ImageObject\",\"inLanguage\":\"pl-PL\",\"@id\":\"https:\/\/mil.link\/pl\/#\/schema\/logo\/image\/\",\"url\":\"https:\/\/mil.link\/pl\/wp-content\/uploads\/2018\/04\/millink.png\",\"contentUrl\":\"https:\/\/mil.link\/pl\/wp-content\/uploads\/2018\/04\/millink.png\",\"width\":317,\"height\":93,\"caption\":\"mil.link\"},\"image\":{\"@id\":\"https:\/\/mil.link\/pl\/#\/schema\/logo\/image\/\"}},{\"@type\":\"Person\",\"@id\":\"https:\/\/mil.link\/pl\/#\/schema\/person\/6af452e57fa7df4b21b29fd8c1d33487\",\"name\":\"Micha\u0142 Mi\u015bko\",\"description\":\"Absolwent administracji i bezpiecze\u0144stwa narodowego, informatyk. Momentami wyk\u0142adowca. Od 14 lat zwi\u0105zany z administracj\u0105 samorz\u0105dow\u0105 i zarz\u0105dzaniem kryzysowym, szczeg\u00f3lnie zainteresowany cyberbezpiecze\u0144stwem.\",\"url\":\"https:\/\/mil.link\/pl\/author\/michalmisko\/\"}]}<\/script>\n<!-- \/ Yoast SEO plugin. -->","yoast_head_json":{"title":"Syrenowe mity | MIL.link - edycja polska","robots":{"index":"index","follow":"follow","max-snippet":"max-snippet:-1","max-image-preview":"max-image-preview:large","max-video-preview":"max-video-preview:-1"},"canonical":"https:\/\/mil.link\/pl\/syrenowe-mity\/","og_locale":"pl_PL","og_type":"article","og_title":"Syrenowe mity | MIL.link - edycja polska","og_description":"Za nami kolejna rocznica wybuchu Powstania Warszawskiego. Jak co roku z tej okazji w ca\u0142ej Polsce zawy\u0142y syreny alarmowe i jak co roku zainicjowa\u0142o to tak\u017ce gor\u0105ce dyskusje. Najwi\u0119ksze toczone s\u0105 na temat s\u0142uszno\u015bci wybuchu zbrojnego zrywu przeciwko okupantowi, ale nie nikn\u0105 tak\u017ce te dotycz\u0105ce u\u017cycia do upami\u0119tnienia tego wydarzenia syren alarmowych. I, jak co ...","og_url":"https:\/\/mil.link\/pl\/syrenowe-mity\/","og_site_name":"MIL.link - edycja polska","article_publisher":"https:\/\/www.facebook.com\/mildotlink\/","article_published_time":"2018-08-06T08:44:06+00:00","article_modified_time":"2018-08-06T08:48:26+00:00","og_image":[{"width":860,"height":345,"url":"https:\/\/mil.link\/pl\/wp-content\/uploads\/2018\/08\/thumb_28_860x345_0_0_crop.png","type":"image\/png"}],"author":"Micha\u0142 Mi\u015bko","twitter_card":"summary_large_image","twitter_creator":"@mildotlink","twitter_site":"@mildotlink","twitter_misc":{"Napisane przez":"Micha\u0142 Mi\u015bko","Szacowany czas czytania":"5 minut"},"schema":{"@context":"https:\/\/schema.org","@graph":[{"@type":"Article","@id":"https:\/\/mil.link\/pl\/syrenowe-mity\/#article","isPartOf":{"@id":"https:\/\/mil.link\/pl\/syrenowe-mity\/"},"author":{"name":"Micha\u0142 Mi\u015bko","@id":"https:\/\/mil.link\/pl\/#\/schema\/person\/6af452e57fa7df4b21b29fd8c1d33487"},"headline":"Syrenowe mity","datePublished":"2018-08-06T08:44:06+00:00","dateModified":"2018-08-06T08:48:26+00:00","mainEntityOfPage":{"@id":"https:\/\/mil.link\/pl\/syrenowe-mity\/"},"wordCount":1035,"publisher":{"@id":"https:\/\/mil.link\/pl\/#organization"},"keywords":["bezpiecze\u0144stwo","obrona cywilna","syreny alarmowe","zarz\u0105dzanie kryzysowe"],"articleSection":["Bezpiecze\u0144stwo"],"inLanguage":"pl-PL"},{"@type":"WebPage","@id":"https:\/\/mil.link\/pl\/syrenowe-mity\/","url":"https:\/\/mil.link\/pl\/syrenowe-mity\/","name":"Syrenowe mity | MIL.link - edycja polska","isPartOf":{"@id":"https:\/\/mil.link\/pl\/#website"},"datePublished":"2018-08-06T08:44:06+00:00","dateModified":"2018-08-06T08:48:26+00:00","breadcrumb":{"@id":"https:\/\/mil.link\/pl\/syrenowe-mity\/#breadcrumb"},"inLanguage":"pl-PL","potentialAction":[{"@type":"ReadAction","target":["https:\/\/mil.link\/pl\/syrenowe-mity\/"]}]},{"@type":"BreadcrumbList","@id":"https:\/\/mil.link\/pl\/syrenowe-mity\/#breadcrumb","itemListElement":[{"@type":"ListItem","position":1,"name":"Strona g\u0142\u00f3wna","item":"https:\/\/mil.link\/pl\/"},{"@type":"ListItem","position":2,"name":"Syrenowe mity"}]},{"@type":"WebSite","@id":"https:\/\/mil.link\/pl\/#website","url":"https:\/\/mil.link\/pl\/","name":"MIL.link - edycja polska","description":"","publisher":{"@id":"https:\/\/mil.link\/pl\/#organization"},"potentialAction":[{"@type":"SearchAction","target":{"@type":"EntryPoint","urlTemplate":"https:\/\/mil.link\/pl\/?s={search_term_string}"},"query-input":"required name=search_term_string"}],"inLanguage":"pl-PL"},{"@type":"Organization","@id":"https:\/\/mil.link\/pl\/#organization","name":"mil.link","url":"https:\/\/mil.link\/pl\/","sameAs":["https:\/\/www.facebook.com\/mildotlink\/","https:\/\/twitter.com\/mildotlink"],"logo":{"@type":"ImageObject","inLanguage":"pl-PL","@id":"https:\/\/mil.link\/pl\/#\/schema\/logo\/image\/","url":"https:\/\/mil.link\/pl\/wp-content\/uploads\/2018\/04\/millink.png","contentUrl":"https:\/\/mil.link\/pl\/wp-content\/uploads\/2018\/04\/millink.png","width":317,"height":93,"caption":"mil.link"},"image":{"@id":"https:\/\/mil.link\/pl\/#\/schema\/logo\/image\/"}},{"@type":"Person","@id":"https:\/\/mil.link\/pl\/#\/schema\/person\/6af452e57fa7df4b21b29fd8c1d33487","name":"Micha\u0142 Mi\u015bko","description":"Absolwent administracji i bezpiecze\u0144stwa narodowego, informatyk. Momentami wyk\u0142adowca. Od 14 lat zwi\u0105zany z administracj\u0105 samorz\u0105dow\u0105 i zarz\u0105dzaniem kryzysowym, szczeg\u00f3lnie zainteresowany cyberbezpiecze\u0144stwem.","url":"https:\/\/mil.link\/pl\/author\/michalmisko\/"}]}},"_links":{"self":[{"href":"https:\/\/mil.link\/pl\/wp-json\/wp\/v2\/posts\/4110"}],"collection":[{"href":"https:\/\/mil.link\/pl\/wp-json\/wp\/v2\/posts"}],"about":[{"href":"https:\/\/mil.link\/pl\/wp-json\/wp\/v2\/types\/post"}],"author":[{"embeddable":true,"href":"https:\/\/mil.link\/pl\/wp-json\/wp\/v2\/users\/38"}],"replies":[{"embeddable":true,"href":"https:\/\/mil.link\/pl\/wp-json\/wp\/v2\/comments?post=4110"}],"version-history":[{"count":4,"href":"https:\/\/mil.link\/pl\/wp-json\/wp\/v2\/posts\/4110\/revisions"}],"predecessor-version":[{"id":4114,"href":"https:\/\/mil.link\/pl\/wp-json\/wp\/v2\/posts\/4110\/revisions\/4114"}],"wp:featuredmedia":[{"embeddable":true,"href":"https:\/\/mil.link\/pl\/wp-json\/wp\/v2\/media\/4111"}],"wp:attachment":[{"href":"https:\/\/mil.link\/pl\/wp-json\/wp\/v2\/media?parent=4110"}],"wp:term":[{"taxonomy":"category","embeddable":true,"href":"https:\/\/mil.link\/pl\/wp-json\/wp\/v2\/categories?post=4110"},{"taxonomy":"post_tag","embeddable":true,"href":"https:\/\/mil.link\/pl\/wp-json\/wp\/v2\/tags?post=4110"}],"curies":[{"name":"wp","href":"https:\/\/api.w.org\/{rel}","templated":true}]}}