{"id":412,"date":"2015-01-07T17:38:10","date_gmt":"2015-01-07T17:38:10","guid":{"rendered":"https:\/\/sztab.org\/?p=412"},"modified":"2018-04-10T11:07:24","modified_gmt":"2018-04-10T11:07:24","slug":"reaktywacja-portalu-sztab-org","status":"publish","type":"post","link":"https:\/\/mil.link\/pl\/reaktywacja-portalu-sztab-org\/","title":{"rendered":"Reaktywacja portalu Sztab.org"},"content":{"rendered":"<p style=\"text-align: justify;\">17 stycznia portal Sztab.org obchodzi swoje urodziny. Na pocz\u0105tku 2004 roku po kilku latach istnienia na darmowych hostingach i pod darmowymi domenami (subdomenami), serwis doczeka\u0142 si\u0119 swojego pierwszego komercyjnego serwera i swojej domeny sztab.org, pod kt\u00f3r\u0105 funkcjonuje po dzie\u0144 dzisiejszy. Na pocz\u0105tku\u00a0dzia\u0142a\u0142\u00a0jako ma\u0142y serwis pisany w html z ksi\u0119g\u0105 go\u015bci, nast\u0119pnie przez kolejne lata rozrasta\u0142 si\u0119 ju\u017c z CMS-ami\u00a0w tre\u015bci, katalog a\u017c po\u00a0popularne forum, kt\u00f3re sta\u0142o si\u0119 jego wizyt\u00f3wk\u0105. Tre\u015bci Sztab.org sta\u0142y si\u0119 na tyle wiarygodnym \u017ar\u00f3d\u0142em, \u017ce mo\u017cna by\u0142o znale\u017a\u0107 wzmianki o portalu w\u00a0pracach dyplomowych a nawet w opracowaniach naukowych takich tuz\u00f3w jak np. Brunon Ho\u0142yst w dwutomowej encyklopedii &#8222;Terroryzm&#8221;. W 2012 roku na podbudowie Sztab.org powsta\u0142 serwis internetowy Europejskiego Instytutu Bezpiecze\u0144stwa, co by\u0142o jednoznaczne z zawieszeniem funkcjonowania Sztab.org.<\/p>\n<p style=\"text-align: justify;\">Po wielu rozmowach, namowach, sugestiach i pomys\u0142ach w grudniu 2014 r. zapad\u0142a decyzja o reaktywowaniu portalu. Oczywi\u015bcie w erze Nowych Medi\u00f3w nie by\u0142o ju\u017c mowy, by serwis powr\u00f3ci\u0142 w dotychczasowej formie. Tworzony tak naprawd\u0119 na nowo serwis potrzebowa\u0142 te\u017c odpowiednich rozwi\u0105za\u0144, st\u0105d przeprowadzka do chmury obliczeniowej oraz zastosowanie nowoczesnych rozwi\u0105za\u0144 zapewniaj\u0105cych stabilno\u015b\u0107 i bezpiecze\u0144stwo portalu.\u00a0Oczywi\u015bcie wa\u017cne te\u017c by\u0142o, by serwis by\u0142 dopasowany i czytelny na r\u00f3\u017cnych urz\u0105dzeniach, z naciskiem na te mobilne. Naszym g\u0142\u00f3wnym celem jest jednak nie wizualizacja a jako\u015bciowa tre\u015b\u0107. Wok\u00f3\u0142 nowej idei Sztab.org uda\u0142o si\u0119 zebra\u0107 entuzjastycznie nastawione, warto\u015bciowe i wiarygodne osoby zwi\u0105zane z szeroko poj\u0119t\u0105 bran\u017c\u0105 bezpiecze\u0144stwa. Publikowa\u0107 b\u0119dziemy w r\u00f3\u017cnej formie, poprzez opracowania, analizy, raporty, reporta\u017ce, felietony czy wywiady. Zamiast tradycyjnego do tej pory forum, proponujemy modu\u0142y dyskusyjne pod ka\u017cdym publikowanym, autorskim\u00a0wpisem. Naszym celem jest interakcja i dyskusja z Czytelnikami, do czego serdecznie zach\u0119camy.<\/p>\n<p style=\"text-align: justify;\">Ju\u017c teraz mo\u017cna nas znale\u017a\u0107 na Twitterze: <a href=\"https:\/\/twitter.com\/SZTABorg\" target=\"_blank\">@SZTABorg<\/a><\/p>\n<p style=\"text-align: justify;\">Zapraszam do lektury<\/p>\n<p style=\"text-align: justify;\">Artur Dubiel<\/p>\n","protected":false},"excerpt":{"rendered":"<p>17 stycznia portal Sztab.org obchodzi swoje urodziny. Na pocz\u0105tku 2004 roku po kilku latach istnienia na darmowych hostingach i pod darmowymi domenami (subdomenami), serwis doczeka\u0142 si\u0119 swojego pierwszego komercyjnego serwera i swojej domeny sztab.org, pod kt\u00f3r\u0105 funkcjonuje po dzie\u0144 dzisiejszy. Na pocz\u0105tku\u00a0dzia\u0142a\u0142\u00a0jako ma\u0142y serwis pisany w html z ksi\u0119g\u0105 go\u015bci, nast\u0119pnie przez kolejne lata rozrasta\u0142  &#8230;<\/p>\n","protected":false},"author":1,"featured_media":413,"comment_status":"closed","ping_status":"open","sticky":false,"template":"single-default-ns.php","format":"standard","meta":[],"categories":[3],"tags":[106,235,301],"yoast_head":"<!-- This site is optimized with the Yoast SEO plugin v19.8 - https:\/\/yoast.com\/wordpress\/plugins\/seo\/ -->\n<title>Reaktywacja portalu Sztab.org<\/title>\n<meta name=\"description\" content=\"Po wielu rozmowach, namowach, sugestiach i pomys\u0142ach w grudniu 2014 r. zapad\u0142a decyzja o reaktywowaniu portalu Sztab.org\" \/>\n<meta name=\"robots\" content=\"index, follow, max-snippet:-1, max-image-preview:large, max-video-preview:-1\" \/>\n<link rel=\"canonical\" href=\"https:\/\/mil.link\/pl\/reaktywacja-portalu-sztab-org\/\" \/>\n<meta property=\"og:locale\" content=\"pl_PL\" \/>\n<meta property=\"og:type\" content=\"article\" \/>\n<meta property=\"og:title\" content=\"Reaktywacja portalu Sztab.org\" \/>\n<meta property=\"og:description\" content=\"Po wielu rozmowach, namowach, sugestiach i pomys\u0142ach w grudniu 2014 r. zapad\u0142a decyzja o reaktywowaniu portalu Sztab.org\" \/>\n<meta property=\"og:url\" content=\"https:\/\/mil.link\/pl\/reaktywacja-portalu-sztab-org\/\" \/>\n<meta property=\"og:site_name\" content=\"MIL.link - edycja polska\" \/>\n<meta property=\"article:publisher\" content=\"https:\/\/www.facebook.com\/mildotlink\/\" \/>\n<meta property=\"article:published_time\" content=\"2015-01-07T17:38:10+00:00\" \/>\n<meta property=\"article:modified_time\" content=\"2018-04-10T11:07:24+00:00\" \/>\n<meta property=\"og:image\" content=\"https:\/\/mil.link\/pl\/wp-content\/uploads\/2015\/01\/napoleon-498389_1920.jpg\" \/>\n\t<meta property=\"og:image:width\" content=\"1920\" \/>\n\t<meta property=\"og:image:height\" content=\"1280\" \/>\n\t<meta property=\"og:image:type\" content=\"image\/jpeg\" \/>\n<meta name=\"author\" content=\"Artur Dubiel\" \/>\n<meta name=\"twitter:card\" content=\"summary_large_image\" \/>\n<meta name=\"twitter:creator\" content=\"@mildotlink\" \/>\n<meta name=\"twitter:site\" content=\"@mildotlink\" \/>\n<meta name=\"twitter:label1\" content=\"Napisane przez\" \/>\n\t<meta name=\"twitter:data1\" content=\"Artur Dubiel\" \/>\n\t<meta name=\"twitter:label2\" content=\"Szacowany czas czytania\" \/>\n\t<meta name=\"twitter:data2\" content=\"2 minuty\" \/>\n<script type=\"application\/ld+json\" class=\"yoast-schema-graph\">{\"@context\":\"https:\/\/schema.org\",\"@graph\":[{\"@type\":\"Article\",\"@id\":\"https:\/\/mil.link\/pl\/reaktywacja-portalu-sztab-org\/#article\",\"isPartOf\":{\"@id\":\"https:\/\/mil.link\/pl\/reaktywacja-portalu-sztab-org\/\"},\"author\":{\"name\":\"Artur Dubiel\",\"@id\":\"https:\/\/mil.link\/pl\/#\/schema\/person\/fe18810c4c2ac9abc5735d0b0ce4881a\"},\"headline\":\"Reaktywacja portalu Sztab.org\",\"datePublished\":\"2015-01-07T17:38:10+00:00\",\"dateModified\":\"2018-04-10T11:07:24+00:00\",\"mainEntityOfPage\":{\"@id\":\"https:\/\/mil.link\/pl\/reaktywacja-portalu-sztab-org\/\"},\"wordCount\":337,\"publisher\":{\"@id\":\"https:\/\/mil.link\/pl\/#organization\"},\"keywords\":[\"forum\",\"portal\",\"Sztab.org\"],\"articleSection\":[\"Bezpiecze\u0144stwo\"],\"inLanguage\":\"pl-PL\"},{\"@type\":\"WebPage\",\"@id\":\"https:\/\/mil.link\/pl\/reaktywacja-portalu-sztab-org\/\",\"url\":\"https:\/\/mil.link\/pl\/reaktywacja-portalu-sztab-org\/\",\"name\":\"Reaktywacja portalu Sztab.org\",\"isPartOf\":{\"@id\":\"https:\/\/mil.link\/pl\/#website\"},\"datePublished\":\"2015-01-07T17:38:10+00:00\",\"dateModified\":\"2018-04-10T11:07:24+00:00\",\"description\":\"Po wielu rozmowach, namowach, sugestiach i pomys\u0142ach w grudniu 2014 r. zapad\u0142a decyzja o reaktywowaniu portalu Sztab.org\",\"breadcrumb\":{\"@id\":\"https:\/\/mil.link\/pl\/reaktywacja-portalu-sztab-org\/#breadcrumb\"},\"inLanguage\":\"pl-PL\",\"potentialAction\":[{\"@type\":\"ReadAction\",\"target\":[\"https:\/\/mil.link\/pl\/reaktywacja-portalu-sztab-org\/\"]}]},{\"@type\":\"BreadcrumbList\",\"@id\":\"https:\/\/mil.link\/pl\/reaktywacja-portalu-sztab-org\/#breadcrumb\",\"itemListElement\":[{\"@type\":\"ListItem\",\"position\":1,\"name\":\"Strona g\u0142\u00f3wna\",\"item\":\"https:\/\/mil.link\/pl\/\"},{\"@type\":\"ListItem\",\"position\":2,\"name\":\"Reaktywacja portalu Sztab.org\"}]},{\"@type\":\"WebSite\",\"@id\":\"https:\/\/mil.link\/pl\/#website\",\"url\":\"https:\/\/mil.link\/pl\/\",\"name\":\"MIL.link - edycja polska\",\"description\":\"\",\"publisher\":{\"@id\":\"https:\/\/mil.link\/pl\/#organization\"},\"potentialAction\":[{\"@type\":\"SearchAction\",\"target\":{\"@type\":\"EntryPoint\",\"urlTemplate\":\"https:\/\/mil.link\/pl\/?s={search_term_string}\"},\"query-input\":\"required name=search_term_string\"}],\"inLanguage\":\"pl-PL\"},{\"@type\":\"Organization\",\"@id\":\"https:\/\/mil.link\/pl\/#organization\",\"name\":\"mil.link\",\"url\":\"https:\/\/mil.link\/pl\/\",\"sameAs\":[\"https:\/\/www.facebook.com\/mildotlink\/\",\"https:\/\/twitter.com\/mildotlink\"],\"logo\":{\"@type\":\"ImageObject\",\"inLanguage\":\"pl-PL\",\"@id\":\"https:\/\/mil.link\/pl\/#\/schema\/logo\/image\/\",\"url\":\"https:\/\/mil.link\/pl\/wp-content\/uploads\/2018\/04\/millink.png\",\"contentUrl\":\"https:\/\/mil.link\/pl\/wp-content\/uploads\/2018\/04\/millink.png\",\"width\":317,\"height\":93,\"caption\":\"mil.link\"},\"image\":{\"@id\":\"https:\/\/mil.link\/pl\/#\/schema\/logo\/image\/\"}},{\"@type\":\"Person\",\"@id\":\"https:\/\/mil.link\/pl\/#\/schema\/person\/fe18810c4c2ac9abc5735d0b0ce4881a\",\"name\":\"Artur Dubiel\",\"description\":\"Pracownik naukowo - dydaktyczny, wydawca portalu MIL.link oraz podcastu \\\"Na celowniku\\\", koordynator Europejskiego Instytutu Bezpiecze\u0144stwa, asystent w Instytucie Prawa i Administracji WSB, politolog, weteran.\",\"sameAs\":[\"https:\/\/artur.tel\"],\"url\":\"https:\/\/mil.link\/pl\/author\/admin\/\"}]}<\/script>\n<!-- \/ Yoast SEO plugin. -->","yoast_head_json":{"title":"Reaktywacja portalu Sztab.org","description":"Po wielu rozmowach, namowach, sugestiach i pomys\u0142ach w grudniu 2014 r. zapad\u0142a decyzja o reaktywowaniu portalu Sztab.org","robots":{"index":"index","follow":"follow","max-snippet":"max-snippet:-1","max-image-preview":"max-image-preview:large","max-video-preview":"max-video-preview:-1"},"canonical":"https:\/\/mil.link\/pl\/reaktywacja-portalu-sztab-org\/","og_locale":"pl_PL","og_type":"article","og_title":"Reaktywacja portalu Sztab.org","og_description":"Po wielu rozmowach, namowach, sugestiach i pomys\u0142ach w grudniu 2014 r. zapad\u0142a decyzja o reaktywowaniu portalu Sztab.org","og_url":"https:\/\/mil.link\/pl\/reaktywacja-portalu-sztab-org\/","og_site_name":"MIL.link - edycja polska","article_publisher":"https:\/\/www.facebook.com\/mildotlink\/","article_published_time":"2015-01-07T17:38:10+00:00","article_modified_time":"2018-04-10T11:07:24+00:00","og_image":[{"width":1920,"height":1280,"url":"https:\/\/mil.link\/pl\/wp-content\/uploads\/2015\/01\/napoleon-498389_1920.jpg","type":"image\/jpeg"}],"author":"Artur Dubiel","twitter_card":"summary_large_image","twitter_creator":"@mildotlink","twitter_site":"@mildotlink","twitter_misc":{"Napisane przez":"Artur Dubiel","Szacowany czas czytania":"2 minuty"},"schema":{"@context":"https:\/\/schema.org","@graph":[{"@type":"Article","@id":"https:\/\/mil.link\/pl\/reaktywacja-portalu-sztab-org\/#article","isPartOf":{"@id":"https:\/\/mil.link\/pl\/reaktywacja-portalu-sztab-org\/"},"author":{"name":"Artur Dubiel","@id":"https:\/\/mil.link\/pl\/#\/schema\/person\/fe18810c4c2ac9abc5735d0b0ce4881a"},"headline":"Reaktywacja portalu Sztab.org","datePublished":"2015-01-07T17:38:10+00:00","dateModified":"2018-04-10T11:07:24+00:00","mainEntityOfPage":{"@id":"https:\/\/mil.link\/pl\/reaktywacja-portalu-sztab-org\/"},"wordCount":337,"publisher":{"@id":"https:\/\/mil.link\/pl\/#organization"},"keywords":["forum","portal","Sztab.org"],"articleSection":["Bezpiecze\u0144stwo"],"inLanguage":"pl-PL"},{"@type":"WebPage","@id":"https:\/\/mil.link\/pl\/reaktywacja-portalu-sztab-org\/","url":"https:\/\/mil.link\/pl\/reaktywacja-portalu-sztab-org\/","name":"Reaktywacja portalu Sztab.org","isPartOf":{"@id":"https:\/\/mil.link\/pl\/#website"},"datePublished":"2015-01-07T17:38:10+00:00","dateModified":"2018-04-10T11:07:24+00:00","description":"Po wielu rozmowach, namowach, sugestiach i pomys\u0142ach w grudniu 2014 r. zapad\u0142a decyzja o reaktywowaniu portalu Sztab.org","breadcrumb":{"@id":"https:\/\/mil.link\/pl\/reaktywacja-portalu-sztab-org\/#breadcrumb"},"inLanguage":"pl-PL","potentialAction":[{"@type":"ReadAction","target":["https:\/\/mil.link\/pl\/reaktywacja-portalu-sztab-org\/"]}]},{"@type":"BreadcrumbList","@id":"https:\/\/mil.link\/pl\/reaktywacja-portalu-sztab-org\/#breadcrumb","itemListElement":[{"@type":"ListItem","position":1,"name":"Strona g\u0142\u00f3wna","item":"https:\/\/mil.link\/pl\/"},{"@type":"ListItem","position":2,"name":"Reaktywacja portalu Sztab.org"}]},{"@type":"WebSite","@id":"https:\/\/mil.link\/pl\/#website","url":"https:\/\/mil.link\/pl\/","name":"MIL.link - edycja polska","description":"","publisher":{"@id":"https:\/\/mil.link\/pl\/#organization"},"potentialAction":[{"@type":"SearchAction","target":{"@type":"EntryPoint","urlTemplate":"https:\/\/mil.link\/pl\/?s={search_term_string}"},"query-input":"required name=search_term_string"}],"inLanguage":"pl-PL"},{"@type":"Organization","@id":"https:\/\/mil.link\/pl\/#organization","name":"mil.link","url":"https:\/\/mil.link\/pl\/","sameAs":["https:\/\/www.facebook.com\/mildotlink\/","https:\/\/twitter.com\/mildotlink"],"logo":{"@type":"ImageObject","inLanguage":"pl-PL","@id":"https:\/\/mil.link\/pl\/#\/schema\/logo\/image\/","url":"https:\/\/mil.link\/pl\/wp-content\/uploads\/2018\/04\/millink.png","contentUrl":"https:\/\/mil.link\/pl\/wp-content\/uploads\/2018\/04\/millink.png","width":317,"height":93,"caption":"mil.link"},"image":{"@id":"https:\/\/mil.link\/pl\/#\/schema\/logo\/image\/"}},{"@type":"Person","@id":"https:\/\/mil.link\/pl\/#\/schema\/person\/fe18810c4c2ac9abc5735d0b0ce4881a","name":"Artur Dubiel","description":"Pracownik naukowo - dydaktyczny, wydawca portalu MIL.link oraz podcastu \"Na celowniku\", koordynator Europejskiego Instytutu Bezpiecze\u0144stwa, asystent w Instytucie Prawa i Administracji WSB, politolog, weteran.","sameAs":["https:\/\/artur.tel"],"url":"https:\/\/mil.link\/pl\/author\/admin\/"}]}},"_links":{"self":[{"href":"https:\/\/mil.link\/pl\/wp-json\/wp\/v2\/posts\/412"}],"collection":[{"href":"https:\/\/mil.link\/pl\/wp-json\/wp\/v2\/posts"}],"about":[{"href":"https:\/\/mil.link\/pl\/wp-json\/wp\/v2\/types\/post"}],"author":[{"embeddable":true,"href":"https:\/\/mil.link\/pl\/wp-json\/wp\/v2\/users\/1"}],"replies":[{"embeddable":true,"href":"https:\/\/mil.link\/pl\/wp-json\/wp\/v2\/comments?post=412"}],"version-history":[{"count":1,"href":"https:\/\/mil.link\/pl\/wp-json\/wp\/v2\/posts\/412\/revisions"}],"predecessor-version":[{"id":3784,"href":"https:\/\/mil.link\/pl\/wp-json\/wp\/v2\/posts\/412\/revisions\/3784"}],"wp:featuredmedia":[{"embeddable":true,"href":"https:\/\/mil.link\/pl\/wp-json\/wp\/v2\/media\/413"}],"wp:attachment":[{"href":"https:\/\/mil.link\/pl\/wp-json\/wp\/v2\/media?parent=412"}],"wp:term":[{"taxonomy":"category","embeddable":true,"href":"https:\/\/mil.link\/pl\/wp-json\/wp\/v2\/categories?post=412"},{"taxonomy":"post_tag","embeddable":true,"href":"https:\/\/mil.link\/pl\/wp-json\/wp\/v2\/tags?post=412"}],"curies":[{"name":"wp","href":"https:\/\/api.w.org\/{rel}","templated":true}]}}