{"id":4137,"date":"2019-02-25T14:51:49","date_gmt":"2019-02-25T14:51:49","guid":{"rendered":"https:\/\/mil.link\/pl\/?p=4137"},"modified":"2019-05-25T20:49:45","modified_gmt":"2019-05-25T20:49:45","slug":"usa-wycofuja-swoje-wojska-z-syrii","status":"publish","type":"post","link":"https:\/\/mil.link\/pl\/usa-wycofuja-swoje-wojska-z-syrii\/","title":{"rendered":"USA wycofuj\u0105 swoje wojska z Syrii"},"content":{"rendered":"\n<p>Decyzja o wycofaniu ameryka\u0144skich wojsk z Syrii, walcz\u0105cych tam z tak zwanym Pa\u0144stwem Islamskim (znanym r\u00f3wnie\u017c jako ISIS, IS, lub ISIL), jest jedn\u0105 z najbardziej kontrowersyjnych podj\u0119tych przez prezydenta USA Donalda Trumpa. Jej og\u0142oszenie zosta\u0142o odebrane raczej sceptycznie, zwa\u017cywszy na fakt, i\u017c si\u0142y ISIS nie zosta\u0142y jeszcze ca\u0142kowicie pokonane. Chocia\u017c prawd\u0105 jest, \u017ce zdecydowana wi\u0119kszo\u015b\u0107 oddzia\u0142\u00f3w zbrojnych wiernych Abu Bakrowi al-Baghdadiemu zosta\u0142a pobita przez kt\u00f3r\u0105\u015b ze stron konfliktu syryjskiego- wojska ameryka\u0144skie b\u0105d\u017a rosyjskie, wspierany przez Iran Hezbollah, czy te\u017c oddzia\u0142y wierne prezydentowi Syrii, Basharowi al-Assadowi- nadal jednak nieliczne oddzia\u0142y terroryst\u00f3w <br>\nz ISIS broni\u0105 tego, co zosta\u0142o z ich Kalifatu.<\/p>\n\n\n\n<p>Wiadomo\u015b\u0107 o wycofaniu si\u0119 Stan\u00f3w Zjednoczonych z Syrii spotka\u0142a si\u0119 z nadzwyczajnym zaskoczeniem wielu os\u00f3b, wliczaj\u0105c w to grono cze\u015b\u0107 doradc\u00f3w ameryka\u0144skiego prezydenta, oraz krytyk\u0105 p\u0142yn\u0105c\u0105 zar\u00f3wno z domowego podw\u00f3rka, jak i z zagranicy. James Mattis, dzisiaj ju\u017c by\u0142y Sekretarz Obrony USA, zrezygnowa\u0142 z pe\u0142nionej funkcji w du\u017cym stopniu motywuj\u0105c ust\u0105pienie ze stanowiska faktem odwo\u0142ania ameryka\u0144skich \u017co\u0142nierzy z Syrii. Sw\u00f3j sprzeciw wyrazi\u0142 w li\u015bcie do Donalda Trumpa, w kt\u00f3rym zasugerowa\u0142, ze zas\u0142uguje on na sekretarza obrony, kt\u00f3rego pogl\u0105dy b\u0119d\u0105 w wi\u0119kszym stopniu zbie\u017cne z jego pogl\u0105dami. Dymisja Jamesa Mattisa, czterogwiazdkowego genera\u0142a z ogromnym do\u015bwiadczeniem wojskowym, jest wyra\u017an\u0105 strat\u0105 dla ameryka\u0144skiego rz\u0105du. Jednak przyk\u0142ad Mattisa nie wyczerpuje zasob\u00f3w krytyki i wyra\u017cania odmiennych opinii co do zasadno\u015bci wycofania si\u0119 z Syrii, adresowanych przez przedstawicieli ameryka\u0144skich si\u0142 zbrojnych. <\/p>\n\n\n\n<p>Kilka dni temu Pentagon przyzna\u0142, \u017ce istnieje szansa na odrodzenie si\u0119 ISIS w ci\u0105gu najbli\u017cszych kilku miesi\u0119cy, a dodatkowo genera\u0142 Joseph Votel, jeden z g\u0142\u00f3wnych ameryka\u0144skich dow\u00f3dc\u00f3w wojskowych na Bliskim Wschodzie, publicznie wyrazi\u0142 swoje, odmienne do prezydenta Trumpa, zdanie wskazuj\u0105c na dwa argumenty: fakt tego, i\u017c tak zwane &nbsp;Pa\u0144stwo Islamskie nie zosta\u0142o jeszcze w pe\u0142ni pokonane, jak i r\u00f3wnie\u017c na to, \u017ce oddzia\u0142y militarne do tej pory wspierane przez USA nie s\u0105 w stanie prowadzi\u0107 skutecznej walki z ISIS samodzielnie.<\/p>\n\n\n\n<p>Decyzja Donalda Trumpa mo\u017ce si\u0119 wydawa\u0107 podobna do tej podj\u0119tej w 2011 roku przez jego poprzednika, Baracka Obam\u0119, dotycz\u0105cej wycofania ameryka\u0144skich wojsk z Iraku. Jest jednak jeden fakt, o kt\u00f3rym \u0142atwo zapomnie\u0107 &#8211; Obama podj\u0105\u0142 decyzj\u0119 o sprowadzeniu \u017co\u0142nierzy z powrotem do kraju, bo nie mia\u0142 innego wyboru. Rz\u0105d iracki nie zgodzi\u0142 si\u0119 na przed\u0142u\u017cenie pobytu ameryka\u0144skich si\u0142 zbrojnych, co by\u0142o skutkiem nieudanych negocjacji podj\u0119tych przez stron\u0119 ameryka\u0144sk\u0105. <\/p>\n\n\n\n<p>Niemniej jednak, wycofanie si\u0119 z Iraku by\u0142o jedn\u0105 z obietnic wyborczych prezydenta Obamy, kt\u00f3ra dodatkowo pozwoli\u0142a na zaoszcz\u0119dzenie ca\u0142kiem sporej sumy w bud\u017cecie USA. Ponadto, w\u0142adze irackie by\u0142y wi\u0119cej ni\u017c zadowolone z faktu pozbycia si\u0119 obcych wojsk ze swojej ziemi, co mo\u017ce sugerowa\u0107, \u017ce obydwie strony powinny by\u0107, koniec ko\u0144c\u00f3w, zadowolone z przebiegu zdarze\u0144. Jednak\u017ce, wraz z powrotem wojsk ameryka\u0144skich do domu, spo\u0142ecze\u0144stwo irackie straci\u0142o tarcz\u0119 ochronn\u0105, os\u0142aniaj\u0105c\u0105 je przed premierem Nourim al-Malikim i jego agresywn\u0105 polityk\u0105, pog\u0142\u0119biaj\u0105c\u0105 podzia\u0142y etniczne i religijne wewn\u0105trz Iraku. <\/p>\n\n\n\n<p>Na skutek rz\u0105d\u00f3w al-Malikiego, oraz w ramach protestu do przemocy stosowanej szeroko, cz\u0119sto i intensywnie przez stron\u0119 rz\u0105dow\u0105, m\u0142odzi ludzie, przewa\u017cnie m\u0119\u017cczy\u017ani, zacz\u0119li szuka\u0107 pomocy i ochrony dla swoich bliskich i siebie do\u0142\u0105czaj\u0105c do r\u00f3\u017cnych ugrupowa\u0144 o charakterze ekstremistycznym i terrorystycznym. Jedn\u0105 z takich organizacji by\u0142o ISIS, wi\u0119c mo\u017cna powiedzie\u0107, z pewn\u0105 doz\u0105 ostro\u017cno\u015bci i maj\u0105c na uwadze inne czynniki, kt\u00f3re przyczyni\u0142y si\u0119 do jego rozwoju, \u017ce wycofanie si\u0119 ameryka\u0144skich wojsk z Iraku by\u0142o jednym z element\u00f3w, kt\u00f3re spowodowa\u0142y powstanie a nast\u0119pnie gwa\u0142towny rozw\u00f3j Pa\u0144stwa Islamskiego. Bior\u0105c ten fakt pod uwag\u0119 i patrz\u0105c na obecn\u0105 sytuacj\u0119 w Syrii, mo\u017cna nabra\u0107 z\u0142ych przypuszcze\u0144 co do rozwoju wydarze\u0144 w kraju rz\u0105dzonym przez prezydenta Assada, kiedy wojska Stan\u00f3w Zjednoczonych zako\u0144cz\u0105 sw\u0105 misj\u0119.<\/p>\n\n\n\n<p>Na potwierdzenie tego, \u017ce przysz\u0142o\u015b\u0107 Syrii nie wydaje si\u0119 by\u0107 zbyt optymistyczna wystarczy przytoczy\u0107 atak terrorystyczny, kt\u00f3ry mia\u0142 miejsce 16 stycznia, a wi\u0119c nieca\u0142y miesi\u0105c po tym, jak Donald Trump wyjawi\u0142 swe zamiary, a w wyniku kt\u00f3rego zgin\u0119\u0142o kilkana\u015bcie os\u00f3b, w tym czterech obywateli USA. Ten atak, do przeprowadzenia kt\u00f3rego przyznali si\u0119 bojownicy ISIS, pokazuje, \u017ce Syria nie jest gotowa zosta\u0107 sama z problemem zagro\u017cenia terrorystycznego ze strony IS, dok\u0142adnie tak, jak sugeruje wspomniany wy\u017cej genera\u0142 Votel.&nbsp;<\/p>\n\n\n\n<p>Przemoc i terroryzm by\u0142y, s\u0105 i b\u0119d\u0105 elementami syryjskiej codzienno\u015bci, dlatego te\u017c wojska ameryka\u0144skie powinny zosta\u0107 w Syrii tak d\u0142ugo, a\u017c jej sytuacja wewn\u0119trzna zostanie w zadowalaj\u0105cym stopniu ustabilizowana, a si\u0142y Pa\u0144stwa Islamskiego zostan\u0105 ca\u0142kowicie zniszczone. Oczywi\u015bcie ma\u0142o prawdopodobnym jest wyeliminowanie wszystkich bojownik\u00f3w walcz\u0105cych w szeregach ISIS lub te\u017c unieszkodliwienie wszystkich jego zwolennik\u00f3w, niemniej jednak Stany Zjednoczony powinny sta\u0107 na czele mi\u0119dzynarodowej koalicji i aktywnie bra\u0107 udzia\u0142 w walce z ISIS do momentu, kiedy wszystkie znane kom\u00f3rki Pa\u0144stwa Islamskiego zostan\u0105 zniszczone, a tak\u017ce wszystkie tereny zaj\u0119te przez ISIS zostan\u0105 odzyskane tak, aby nie posiada\u0142o ono \u017cadnej twierdzy. W przeciwnym razie istnieje ryzyko, \u017ce do odrodzenia si\u0119 ISIS, b\u0105d\u017a te\u017c powstania jego nast\u0119pcy, dojdzie wcze\u015bniej ni\u017c p\u00f3\u017aniej.<br><\/p>\n","protected":false},"excerpt":{"rendered":"<p>Decyzja o wycofaniu ameryka\u0144skich wojsk z Syrii, walcz\u0105cych tam z tak zwanym Pa\u0144stwem Islamskim (znanym r\u00f3wnie\u017c jako ISIS, IS, lub ISIL), jest jedn\u0105 z najbardziej kontrowersyjnych podj\u0119tych przez prezydenta USA Donalda Trumpa. Jej og\u0142oszenie zosta\u0142o odebrane raczej sceptycznie, zwa\u017cywszy na fakt, i\u017c si\u0142y ISIS nie zosta\u0142y jeszcze ca\u0142kowicie pokonane. Chocia\u017c prawd\u0105 jest, \u017ce zdecydowana wi\u0119kszo\u015b\u0107  &#8230;<\/p>\n","protected":false},"author":39,"featured_media":4138,"comment_status":"closed","ping_status":"open","sticky":false,"template":"single-default-boxed-ns.php","format":"standard","meta":[],"categories":[3,6,8],"tags":[291,316,327,341],"yoast_head":"<!-- This site is optimized with the Yoast SEO plugin v19.8 - https:\/\/yoast.com\/wordpress\/plugins\/seo\/ -->\n<title>USA wycofuj\u0105 swoje wojska z Syrii | MIL.link - edycja polska<\/title>\n<meta name=\"robots\" content=\"index, follow, max-snippet:-1, max-image-preview:large, max-video-preview:-1\" \/>\n<link rel=\"canonical\" href=\"https:\/\/mil.link\/pl\/usa-wycofuja-swoje-wojska-z-syrii\/\" \/>\n<meta property=\"og:locale\" content=\"pl_PL\" \/>\n<meta property=\"og:type\" content=\"article\" \/>\n<meta property=\"og:title\" content=\"USA wycofuj\u0105 swoje wojska z Syrii | MIL.link - edycja polska\" \/>\n<meta property=\"og:description\" content=\"Decyzja o wycofaniu ameryka\u0144skich wojsk z Syrii, walcz\u0105cych tam z tak zwanym Pa\u0144stwem Islamskim (znanym r\u00f3wnie\u017c jako ISIS, IS, lub ISIL), jest jedn\u0105 z najbardziej kontrowersyjnych podj\u0119tych przez prezydenta USA Donalda Trumpa. Jej og\u0142oszenie zosta\u0142o odebrane raczej sceptycznie, zwa\u017cywszy na fakt, i\u017c si\u0142y ISIS nie zosta\u0142y jeszcze ca\u0142kowicie pokonane. Chocia\u017c prawd\u0105 jest, \u017ce zdecydowana wi\u0119kszo\u015b\u0107 ...\" \/>\n<meta property=\"og:url\" content=\"https:\/\/mil.link\/pl\/usa-wycofuja-swoje-wojska-z-syrii\/\" \/>\n<meta property=\"og:site_name\" content=\"MIL.link - edycja polska\" \/>\n<meta property=\"article:publisher\" content=\"https:\/\/www.facebook.com\/mildotlink\/\" \/>\n<meta property=\"article:published_time\" content=\"2019-02-25T14:51:49+00:00\" \/>\n<meta property=\"article:modified_time\" content=\"2019-05-25T20:49:45+00:00\" \/>\n<meta property=\"og:image\" content=\"https:\/\/mil.link\/pl\/wp-content\/uploads\/2019\/02\/trump-2546104_1920.jpg\" \/>\n\t<meta property=\"og:image:width\" content=\"1920\" \/>\n\t<meta property=\"og:image:height\" content=\"662\" \/>\n\t<meta property=\"og:image:type\" content=\"image\/jpeg\" \/>\n<meta name=\"author\" content=\"Alan Lis\" \/>\n<meta name=\"twitter:card\" content=\"summary_large_image\" \/>\n<meta name=\"twitter:creator\" content=\"@mildotlink\" \/>\n<meta name=\"twitter:site\" content=\"@mildotlink\" \/>\n<meta name=\"twitter:label1\" content=\"Napisane przez\" \/>\n\t<meta name=\"twitter:data1\" content=\"Alan Lis\" \/>\n\t<meta name=\"twitter:label2\" content=\"Szacowany czas czytania\" \/>\n\t<meta name=\"twitter:data2\" content=\"5 minut\" \/>\n<script type=\"application\/ld+json\" class=\"yoast-schema-graph\">{\"@context\":\"https:\/\/schema.org\",\"@graph\":[{\"@type\":\"Article\",\"@id\":\"https:\/\/mil.link\/pl\/usa-wycofuja-swoje-wojska-z-syrii\/#article\",\"isPartOf\":{\"@id\":\"https:\/\/mil.link\/pl\/usa-wycofuja-swoje-wojska-z-syrii\/\"},\"author\":{\"name\":\"Alan Lis\",\"@id\":\"https:\/\/mil.link\/pl\/#\/schema\/person\/4d76a1d3a52b3bb5bb3b98f29a38801a\"},\"headline\":\"USA wycofuj\u0105 swoje wojska z Syrii\",\"datePublished\":\"2019-02-25T14:51:49+00:00\",\"dateModified\":\"2019-05-25T20:49:45+00:00\",\"mainEntityOfPage\":{\"@id\":\"https:\/\/mil.link\/pl\/usa-wycofuja-swoje-wojska-z-syrii\/\"},\"wordCount\":956,\"publisher\":{\"@id\":\"https:\/\/mil.link\/pl\/#organization\"},\"keywords\":[\"Syria\",\"Trump\",\"USA\",\"wojna\"],\"articleSection\":[\"Bezpiecze\u0144stwo\",\"Geopolityka\",\"Konflikty\"],\"inLanguage\":\"pl-PL\"},{\"@type\":\"WebPage\",\"@id\":\"https:\/\/mil.link\/pl\/usa-wycofuja-swoje-wojska-z-syrii\/\",\"url\":\"https:\/\/mil.link\/pl\/usa-wycofuja-swoje-wojska-z-syrii\/\",\"name\":\"USA wycofuj\u0105 swoje wojska z Syrii | MIL.link - edycja polska\",\"isPartOf\":{\"@id\":\"https:\/\/mil.link\/pl\/#website\"},\"datePublished\":\"2019-02-25T14:51:49+00:00\",\"dateModified\":\"2019-05-25T20:49:45+00:00\",\"breadcrumb\":{\"@id\":\"https:\/\/mil.link\/pl\/usa-wycofuja-swoje-wojska-z-syrii\/#breadcrumb\"},\"inLanguage\":\"pl-PL\",\"potentialAction\":[{\"@type\":\"ReadAction\",\"target\":[\"https:\/\/mil.link\/pl\/usa-wycofuja-swoje-wojska-z-syrii\/\"]}]},{\"@type\":\"BreadcrumbList\",\"@id\":\"https:\/\/mil.link\/pl\/usa-wycofuja-swoje-wojska-z-syrii\/#breadcrumb\",\"itemListElement\":[{\"@type\":\"ListItem\",\"position\":1,\"name\":\"Strona g\u0142\u00f3wna\",\"item\":\"https:\/\/mil.link\/pl\/\"},{\"@type\":\"ListItem\",\"position\":2,\"name\":\"USA wycofuj\u0105 swoje wojska z Syrii\"}]},{\"@type\":\"WebSite\",\"@id\":\"https:\/\/mil.link\/pl\/#website\",\"url\":\"https:\/\/mil.link\/pl\/\",\"name\":\"MIL.link - edycja polska\",\"description\":\"\",\"publisher\":{\"@id\":\"https:\/\/mil.link\/pl\/#organization\"},\"potentialAction\":[{\"@type\":\"SearchAction\",\"target\":{\"@type\":\"EntryPoint\",\"urlTemplate\":\"https:\/\/mil.link\/pl\/?s={search_term_string}\"},\"query-input\":\"required name=search_term_string\"}],\"inLanguage\":\"pl-PL\"},{\"@type\":\"Organization\",\"@id\":\"https:\/\/mil.link\/pl\/#organization\",\"name\":\"mil.link\",\"url\":\"https:\/\/mil.link\/pl\/\",\"sameAs\":[\"https:\/\/www.facebook.com\/mildotlink\/\",\"https:\/\/twitter.com\/mildotlink\"],\"logo\":{\"@type\":\"ImageObject\",\"inLanguage\":\"pl-PL\",\"@id\":\"https:\/\/mil.link\/pl\/#\/schema\/logo\/image\/\",\"url\":\"https:\/\/mil.link\/pl\/wp-content\/uploads\/2018\/04\/millink.png\",\"contentUrl\":\"https:\/\/mil.link\/pl\/wp-content\/uploads\/2018\/04\/millink.png\",\"width\":317,\"height\":93,\"caption\":\"mil.link\"},\"image\":{\"@id\":\"https:\/\/mil.link\/pl\/#\/schema\/logo\/image\/\"}},{\"@type\":\"Person\",\"@id\":\"https:\/\/mil.link\/pl\/#\/schema\/person\/4d76a1d3a52b3bb5bb3b98f29a38801a\",\"name\":\"Alan Lis\",\"description\":\"Student International Security na Uniwersytecie w Warwick w Wielkiej Brytanii. Absolwent Politics with International Relations na Uniwersytecie w Yorku. Rok sp\u0119dzony na Uniwersytecie w Bergen w Norwegii. Wielokrotnie pisa\u0142 o terroryzmie, konfliktach, sytuacji w Syrii, agencjach wywiadowczych i kontrwywiadowczych w kontek\u015bcie ich wp\u0142ywu na bezpiecze\u0144stwo.\",\"url\":\"https:\/\/mil.link\/pl\/author\/alanlis\/\"}]}<\/script>\n<!-- \/ Yoast SEO plugin. -->","yoast_head_json":{"title":"USA wycofuj\u0105 swoje wojska z Syrii | MIL.link - edycja polska","robots":{"index":"index","follow":"follow","max-snippet":"max-snippet:-1","max-image-preview":"max-image-preview:large","max-video-preview":"max-video-preview:-1"},"canonical":"https:\/\/mil.link\/pl\/usa-wycofuja-swoje-wojska-z-syrii\/","og_locale":"pl_PL","og_type":"article","og_title":"USA wycofuj\u0105 swoje wojska z Syrii | MIL.link - edycja polska","og_description":"Decyzja o wycofaniu ameryka\u0144skich wojsk z Syrii, walcz\u0105cych tam z tak zwanym Pa\u0144stwem Islamskim (znanym r\u00f3wnie\u017c jako ISIS, IS, lub ISIL), jest jedn\u0105 z najbardziej kontrowersyjnych podj\u0119tych przez prezydenta USA Donalda Trumpa. Jej og\u0142oszenie zosta\u0142o odebrane raczej sceptycznie, zwa\u017cywszy na fakt, i\u017c si\u0142y ISIS nie zosta\u0142y jeszcze ca\u0142kowicie pokonane. Chocia\u017c prawd\u0105 jest, \u017ce zdecydowana wi\u0119kszo\u015b\u0107 ...","og_url":"https:\/\/mil.link\/pl\/usa-wycofuja-swoje-wojska-z-syrii\/","og_site_name":"MIL.link - edycja polska","article_publisher":"https:\/\/www.facebook.com\/mildotlink\/","article_published_time":"2019-02-25T14:51:49+00:00","article_modified_time":"2019-05-25T20:49:45+00:00","og_image":[{"width":1920,"height":662,"url":"https:\/\/mil.link\/pl\/wp-content\/uploads\/2019\/02\/trump-2546104_1920.jpg","type":"image\/jpeg"}],"author":"Alan Lis","twitter_card":"summary_large_image","twitter_creator":"@mildotlink","twitter_site":"@mildotlink","twitter_misc":{"Napisane przez":"Alan Lis","Szacowany czas czytania":"5 minut"},"schema":{"@context":"https:\/\/schema.org","@graph":[{"@type":"Article","@id":"https:\/\/mil.link\/pl\/usa-wycofuja-swoje-wojska-z-syrii\/#article","isPartOf":{"@id":"https:\/\/mil.link\/pl\/usa-wycofuja-swoje-wojska-z-syrii\/"},"author":{"name":"Alan Lis","@id":"https:\/\/mil.link\/pl\/#\/schema\/person\/4d76a1d3a52b3bb5bb3b98f29a38801a"},"headline":"USA wycofuj\u0105 swoje wojska z Syrii","datePublished":"2019-02-25T14:51:49+00:00","dateModified":"2019-05-25T20:49:45+00:00","mainEntityOfPage":{"@id":"https:\/\/mil.link\/pl\/usa-wycofuja-swoje-wojska-z-syrii\/"},"wordCount":956,"publisher":{"@id":"https:\/\/mil.link\/pl\/#organization"},"keywords":["Syria","Trump","USA","wojna"],"articleSection":["Bezpiecze\u0144stwo","Geopolityka","Konflikty"],"inLanguage":"pl-PL"},{"@type":"WebPage","@id":"https:\/\/mil.link\/pl\/usa-wycofuja-swoje-wojska-z-syrii\/","url":"https:\/\/mil.link\/pl\/usa-wycofuja-swoje-wojska-z-syrii\/","name":"USA wycofuj\u0105 swoje wojska z Syrii | MIL.link - edycja polska","isPartOf":{"@id":"https:\/\/mil.link\/pl\/#website"},"datePublished":"2019-02-25T14:51:49+00:00","dateModified":"2019-05-25T20:49:45+00:00","breadcrumb":{"@id":"https:\/\/mil.link\/pl\/usa-wycofuja-swoje-wojska-z-syrii\/#breadcrumb"},"inLanguage":"pl-PL","potentialAction":[{"@type":"ReadAction","target":["https:\/\/mil.link\/pl\/usa-wycofuja-swoje-wojska-z-syrii\/"]}]},{"@type":"BreadcrumbList","@id":"https:\/\/mil.link\/pl\/usa-wycofuja-swoje-wojska-z-syrii\/#breadcrumb","itemListElement":[{"@type":"ListItem","position":1,"name":"Strona g\u0142\u00f3wna","item":"https:\/\/mil.link\/pl\/"},{"@type":"ListItem","position":2,"name":"USA wycofuj\u0105 swoje wojska z Syrii"}]},{"@type":"WebSite","@id":"https:\/\/mil.link\/pl\/#website","url":"https:\/\/mil.link\/pl\/","name":"MIL.link - edycja polska","description":"","publisher":{"@id":"https:\/\/mil.link\/pl\/#organization"},"potentialAction":[{"@type":"SearchAction","target":{"@type":"EntryPoint","urlTemplate":"https:\/\/mil.link\/pl\/?s={search_term_string}"},"query-input":"required name=search_term_string"}],"inLanguage":"pl-PL"},{"@type":"Organization","@id":"https:\/\/mil.link\/pl\/#organization","name":"mil.link","url":"https:\/\/mil.link\/pl\/","sameAs":["https:\/\/www.facebook.com\/mildotlink\/","https:\/\/twitter.com\/mildotlink"],"logo":{"@type":"ImageObject","inLanguage":"pl-PL","@id":"https:\/\/mil.link\/pl\/#\/schema\/logo\/image\/","url":"https:\/\/mil.link\/pl\/wp-content\/uploads\/2018\/04\/millink.png","contentUrl":"https:\/\/mil.link\/pl\/wp-content\/uploads\/2018\/04\/millink.png","width":317,"height":93,"caption":"mil.link"},"image":{"@id":"https:\/\/mil.link\/pl\/#\/schema\/logo\/image\/"}},{"@type":"Person","@id":"https:\/\/mil.link\/pl\/#\/schema\/person\/4d76a1d3a52b3bb5bb3b98f29a38801a","name":"Alan Lis","description":"Student International Security na Uniwersytecie w Warwick w Wielkiej Brytanii. Absolwent Politics with International Relations na Uniwersytecie w Yorku. Rok sp\u0119dzony na Uniwersytecie w Bergen w Norwegii. Wielokrotnie pisa\u0142 o terroryzmie, konfliktach, sytuacji w Syrii, agencjach wywiadowczych i kontrwywiadowczych w kontek\u015bcie ich wp\u0142ywu na bezpiecze\u0144stwo.","url":"https:\/\/mil.link\/pl\/author\/alanlis\/"}]}},"_links":{"self":[{"href":"https:\/\/mil.link\/pl\/wp-json\/wp\/v2\/posts\/4137"}],"collection":[{"href":"https:\/\/mil.link\/pl\/wp-json\/wp\/v2\/posts"}],"about":[{"href":"https:\/\/mil.link\/pl\/wp-json\/wp\/v2\/types\/post"}],"author":[{"embeddable":true,"href":"https:\/\/mil.link\/pl\/wp-json\/wp\/v2\/users\/39"}],"replies":[{"embeddable":true,"href":"https:\/\/mil.link\/pl\/wp-json\/wp\/v2\/comments?post=4137"}],"version-history":[{"count":3,"href":"https:\/\/mil.link\/pl\/wp-json\/wp\/v2\/posts\/4137\/revisions"}],"predecessor-version":[{"id":4159,"href":"https:\/\/mil.link\/pl\/wp-json\/wp\/v2\/posts\/4137\/revisions\/4159"}],"wp:featuredmedia":[{"embeddable":true,"href":"https:\/\/mil.link\/pl\/wp-json\/wp\/v2\/media\/4138"}],"wp:attachment":[{"href":"https:\/\/mil.link\/pl\/wp-json\/wp\/v2\/media?parent=4137"}],"wp:term":[{"taxonomy":"category","embeddable":true,"href":"https:\/\/mil.link\/pl\/wp-json\/wp\/v2\/categories?post=4137"},{"taxonomy":"post_tag","embeddable":true,"href":"https:\/\/mil.link\/pl\/wp-json\/wp\/v2\/tags?post=4137"}],"curies":[{"name":"wp","href":"https:\/\/api.w.org\/{rel}","templated":true}]}}