{"id":4148,"date":"2019-05-17T22:12:35","date_gmt":"2019-05-17T22:12:35","guid":{"rendered":"https:\/\/mil.link\/pl\/?p=4148"},"modified":"2019-05-17T22:12:36","modified_gmt":"2019-05-17T22:12:36","slug":"napiecia-na-linii-waszyngton-teheran","status":"publish","type":"post","link":"https:\/\/mil.link\/pl\/napiecia-na-linii-waszyngton-teheran\/","title":{"rendered":"Napi\u0119cia na linii Waszyngton &#8211; Teheran"},"content":{"rendered":"\n<p>W ci\u0105gu ostatnich miesi\u0119cy, relacje pomi\u0119dzy Stanami Zjednoczonymi a Iranem zdecydowanie si\u0119 pogorszy\u0142y. Waszyngton i Teheran wkroczy\u0142y na \u015bcie\u017ck\u0119 wzajemnych gr\u00f3\u017ab, co oczywi\u015bcie nie jest zjawiskiem nowym, jednak\u017ce, wraz z podpisaniem paktu nuklearnego pomi\u0119dzy Iranem i \u015bwiatowymi mocarstwami w 2015 roku, niekt\u00f3rzy mogli mie\u0107 nadzieje, \u017ce przyniesie on okres nieco d\u0142u\u017cszej (wzgl\u0119dnej) stabilno\u015bci i bezpiecze\u0144stwa dla Bliskiego Wschodu. Wydarzenia z ostatnich miesi\u0119cy demonstruj\u0105 jednak, \u017ce nadzieje te by\u0142y p\u0142onne, a relacje ameryka\u0144sko-ira\u0144skie pod\u0105\u017caj\u0105 w zdecydowanie przeciwnym kierunku.<\/p>\n\n\n\n<p>Seria wydarze\u0144, kt\u00f3ra na nowo zaostrzy\u0142a relacje Waszyngtonu z Teheranem rozpocz\u0119\u0142a si\u0119 wraz z wycofaniem si\u0119 USA z wspomnianego wy\u017cej traktatu nuklearnego, co mia\u0142o miejsce w maju 2018 roku. Prezydent Trump zdecydowa\u0142 si\u0119 na ten krok pomimo negatywnych reakcji pa\u0144stw, kt\u00f3re wraz z USA negocjowa\u0142y porozumienie nuklearne z Iranem, a tak\u017ce wbrew ich zapewnieniom, \u017ce nie widz\u0105 one tych narusze\u0144 umowy, kt\u00f3rych dopatrzy\u0142a si\u0119 administracja Trumpa. Prezydent USA pozosta\u0142 niewra\u017cliwy na sprzeciw pozosta\u0142ych \u015bwiatowych mocarstw i wierny wobec swojej krytyki samego porozumienia nuklearnego- jak i\u00a0 swojego poprzednika, Baracka Obamy, kt\u00f3ry doprowadzi\u0142 do jego podpisania- kt\u00f3r\u0105 rozpocz\u0105\u0142 w trakcie kampanii prezydenckiej z 2016 roku. Ta decyzja Donalda Trumpa, co ca\u0142kowicie zrozumiale, rozw\u015bcieczy\u0142a w\u0142adze w Teheranie.<\/p>\n\n\n\n<p>Kolejn\u0105 przyczyn\u0105 pogorszonych stosunk\u00f3w by\u0142o bez w\u0105tpienia uznanie przez Waszyngton Ira\u0144skiego Korpusu Stra\u017cnik\u00f3w Rewolucji jako organizacji terrorystycznej. To pierwszy taki przypadek w historii, kiedy Stany Zjednoczone uzna\u0142y za organizacj\u0119 terrorystyczn\u0105 cz\u0119\u015b\u0107 si\u0142 zbrojnych innego pa\u0144stwa. Korpus Stra\u017cnik\u00f3w Rewolucji zosta\u0142 utworzony w nast\u0119pstwie rewolucji islamskiej 1979 roku, a jednym z jego g\u0142\u00f3wnych zada\u0144 jest obrona islamskiej natury Ira\u0144skiego re\u017cimu. Cz\u0142onkowie korpusu stanowi\u0105 elit\u0119 Ira\u0144skich si\u0142 zbrojnych, a sama organizacja ma niesamowicie siln\u0105 pozycj\u0119 w kraju, kt\u00f3ra dalece wykracza poza sfer\u0119 militarn\u0105. Korpus ju\u017c od d\u0142u\u017cszego czasu posiada znaczne wp\u0142ywy polityczne i ekonomiczne- te ostatnie si\u0119gaj\u0105 niemal wszystkich sektor\u00f3w ira\u0144skiej gospodarki. Spo\u015br\u00f3d licznych firm kontrolowanych przez Stra\u017cnik\u00f3w, te nale\u017c\u0105ce do sektor\u00f3w budowlanego, biznesowego, a tak\u017ce sektor\u00f3w ropy i gazu maj\u0105 najwi\u0119ksze dla nich znaczenie.<\/p>\n\n\n\n<p>Ze wszystkich jednostek sk\u0142adaj\u0105cych si\u0119 na militarn\u0105 pot\u0119g\u0119 Korpusu, Brygada al-Kuds, odpowiedzialna za wywiad oraz przeprowadzanie tajnych operacji poza granicami Iranu i dowodzona przez charyzmatycznego genera\u0142a Qasema Soleimaniego, wydaj\u0119 si\u0119 powodowa\u0107 najwi\u0119cej problem\u00f3w dla USA i znacz\u0105co wp\u0142yn\u0105\u0107 na decyzj\u0119 Waszyngtonu o uznaniu ca\u0142ego Korpusu za organizacj\u0119 terrorystyczn\u0105. Dodatkowo, al-Kuds nie kryje si\u0119 ze swym wsparciem zar\u00f3wno dla Hamasu i Hezbollahu, jak i innych organizacji uwa\u017canych za terrorystyczne nie tylko przez USA, lecz tak\u017ce przez znaczn\u0105 cz\u0119\u015b\u0107 zachodniego \u015bwiata. Dzi\u0119ki wspieraniu wspomnianych organizacji, jak i boj\u00f3wek szyickich w Iraku i rebeliant\u00f3w Huti w Jemenie, al-Kuds mo\u017ce by\u0107 uznane za narz\u0119dzie w r\u0119kach Teheranu, s\u0142u\u017c\u0105ce mu zar\u00f3wno do wp\u0142ywania na sytuacj\u0119 wewn\u0119trzn\u0105 innych kraj\u00f3w regionu, jak i umacniania pozycji Iranu. Al-Kuds odgrywa kluczow\u0105 rol\u0119 dla bezpiecze\u0144stwa Iranu i jego umiej\u0119tno\u015bci kszta\u0142towania Bliskiego Wschodu wedle swoich potrzeb.<\/p>\n\n\n\n<p>Decyzja Waszyngtonu, aby uzna\u0107 Korpus Stra\u017cnik\u00f3w Rewolucji za organizacj\u0119 terrorystyczn\u0105 nie tylko rozz\u0142o\u015bci\u0142a zwyk\u0142ych Ira\u0144czyk\u00f3w (je\u015bli USA staraj\u0105 si\u0119 pozyska\u0107 \u2018serca i umys\u0142y\u2019 zwyk\u0142ych obywateli Iranu to wybrana droga nie jest chyba t\u0105 najbardziej odpowiedni\u0105), lecz tak\u017ce spotka\u0142a si\u0119 ze zdecydowan\u0105 odpowiedzi\u0105 w\u0142adz w Teheranie, kt\u00f3re w akcie rewan\u017cu uzna\u0142y Centralne Dow\u00f3dztwo Wojsk Stan\u00f3w Zjednoczonych (CENTCOM) operuj\u0105ce na Bliskim Wschodzie, wraz ze wspieraj\u0105cymi je sojusznikami, za terroryst\u00f3w. Od tego wydarzenia \u015bmia\u0142o mo\u017cna powiedzie\u0107, \u017ce relacje ameryka\u0144sko-ira\u0144skie znajduj\u0105 si\u0119 na r\u00f3wni pochy\u0142ej do stopnia, kt\u00f3rego \u015bwiat nie obserwowa\u0142 ju\u017c dawno.<\/p>\n\n\n\n<p>W zesz\u0142ym tygodniu, Prezydent Trump podpisa\u0142 nowy zestaw sankcji, kt\u00f3re tym razem zosta\u0142y na\u0142o\u017cone na ira\u0144skie sektory stali i innych metali. R\u00f3wnocze\u015bnie, w region Bliskiego Wschodu zosta\u0142 wys\u0142any lotniskowiec USS Abraham Lincoln, kt\u00f3ry pe\u0142ni rol\u0119 \u2018p\u0142ywaj\u0105cej ameryka\u0144skiej dyplomacji\u2019, a do kt\u00f3rego po nied\u0142ugim czasie do\u0142\u0105czy\u0142y bombowce B-52. Chocia\u017c USA widocznie zwi\u0119kszaj\u0105 sw\u0105 militarn\u0105 obecno\u015b\u0107 w regionie, oficjalnie czyni\u0105 to nie w ramach konfrontacji militarnej, lecz <br>\nw intencji obrony swoich wojsk, interes\u00f3w, i bezpiecze\u0144stwa.<\/p>\n\n\n\n<p>Jest wysoce nieprawdopodobnym jednak, aby Teheran przysta\u0142 na takie zapewnienia Waszyngtonu. Iran zdecydowa\u0142 si\u0119 ju\u017c na cz\u0119\u015bciowe odej\u015bcie od restrykcji na\u0142o\u017conych przez porozumienie nuklearne z 2015 roku. Bezpo\u015bredni konflikt militarny pomi\u0119dzy Iranem a Stanami Zjednoczonymi jest raczej ma\u0142o prawdopodobny, lecz w wyniku napi\u0119\u0107 na linii Waszyngton-Teheran niestabilno\u015b\u0107 w relacjach militarno-polityczno-ekonomicznych w regionie bliskowschodnim umocni si\u0119. Dodatkowo, kryzys w relacjach z Iranem mo\u017ce mie\u0107 negatywny skutek na relacje USA z Rosj\u0105, dla kt\u00f3rej Iran jest strategicznym partnerem na Bliskim Wchodzie. Mi\u0119dzynarodowy system bezpiecze\u0144stwa czekaj\u0105 wi\u0119c kolejne turbulencje.<br><\/p>\n","protected":false},"excerpt":{"rendered":"<p>W ci\u0105gu ostatnich miesi\u0119cy, relacje pomi\u0119dzy Stanami Zjednoczonymi a Iranem zdecydowanie si\u0119 pogorszy\u0142y. Waszyngton i Teheran wkroczy\u0142y na \u015bcie\u017ck\u0119 wzajemnych gr\u00f3\u017ab, co oczywi\u015bcie nie jest zjawiskiem nowym, jednak\u017ce, wraz z podpisaniem paktu nuklearnego pomi\u0119dzy Iranem i \u015bwiatowymi mocarstwami w 2015 roku, niekt\u00f3rzy mogli mie\u0107 nadzieje, \u017ce przyniesie on okres nieco d\u0142u\u017cszej (wzgl\u0119dnej) stabilno\u015bci i bezpiecze\u0144stwa  &#8230;<\/p>\n","protected":false},"author":39,"featured_media":4149,"comment_status":"closed","ping_status":"closed","sticky":false,"template":"single-default-ns.php","format":"standard","meta":[],"categories":[6],"tags":[411,327],"yoast_head":"<!-- This site is optimized with the Yoast SEO plugin v19.8 - https:\/\/yoast.com\/wordpress\/plugins\/seo\/ -->\n<title>Napi\u0119cia na linii Waszyngton - Teheran | MIL.link - edycja polska<\/title>\n<meta name=\"robots\" content=\"index, follow, max-snippet:-1, max-image-preview:large, max-video-preview:-1\" \/>\n<link rel=\"canonical\" href=\"https:\/\/mil.link\/pl\/napiecia-na-linii-waszyngton-teheran\/\" \/>\n<meta property=\"og:locale\" content=\"pl_PL\" \/>\n<meta property=\"og:type\" content=\"article\" \/>\n<meta property=\"og:title\" content=\"Napi\u0119cia na linii Waszyngton - Teheran | MIL.link - edycja polska\" \/>\n<meta property=\"og:description\" content=\"W ci\u0105gu ostatnich miesi\u0119cy, relacje pomi\u0119dzy Stanami Zjednoczonymi a Iranem zdecydowanie si\u0119 pogorszy\u0142y. Waszyngton i Teheran wkroczy\u0142y na \u015bcie\u017ck\u0119 wzajemnych gr\u00f3\u017ab, co oczywi\u015bcie nie jest zjawiskiem nowym, jednak\u017ce, wraz z podpisaniem paktu nuklearnego pomi\u0119dzy Iranem i \u015bwiatowymi mocarstwami w 2015 roku, niekt\u00f3rzy mogli mie\u0107 nadzieje, \u017ce przyniesie on okres nieco d\u0142u\u017cszej (wzgl\u0119dnej) stabilno\u015bci i bezpiecze\u0144stwa ...\" \/>\n<meta property=\"og:url\" content=\"https:\/\/mil.link\/pl\/napiecia-na-linii-waszyngton-teheran\/\" \/>\n<meta property=\"og:site_name\" content=\"MIL.link - edycja polska\" \/>\n<meta property=\"article:publisher\" content=\"https:\/\/www.facebook.com\/mildotlink\/\" \/>\n<meta property=\"article:published_time\" content=\"2019-05-17T22:12:35+00:00\" \/>\n<meta property=\"article:modified_time\" content=\"2019-05-17T22:12:36+00:00\" \/>\n<meta property=\"og:image\" content=\"https:\/\/mil.link\/pl\/wp-content\/uploads\/2019\/05\/ruins-of-the-zoroastrian-fire-temple-in-yazd-PW3ET7B-1024x683.jpg\" \/>\n\t<meta property=\"og:image:width\" content=\"1024\" \/>\n\t<meta property=\"og:image:height\" content=\"683\" \/>\n\t<meta property=\"og:image:type\" content=\"image\/jpeg\" \/>\n<meta name=\"author\" content=\"Alan Lis\" \/>\n<meta name=\"twitter:card\" content=\"summary_large_image\" \/>\n<meta name=\"twitter:creator\" content=\"@mildotlink\" \/>\n<meta name=\"twitter:site\" content=\"@mildotlink\" \/>\n<meta name=\"twitter:label1\" content=\"Napisane przez\" \/>\n\t<meta name=\"twitter:data1\" content=\"Alan Lis\" \/>\n\t<meta name=\"twitter:label2\" content=\"Szacowany czas czytania\" \/>\n\t<meta name=\"twitter:data2\" content=\"4 minuty\" \/>\n<script type=\"application\/ld+json\" class=\"yoast-schema-graph\">{\"@context\":\"https:\/\/schema.org\",\"@graph\":[{\"@type\":\"Article\",\"@id\":\"https:\/\/mil.link\/pl\/napiecia-na-linii-waszyngton-teheran\/#article\",\"isPartOf\":{\"@id\":\"https:\/\/mil.link\/pl\/napiecia-na-linii-waszyngton-teheran\/\"},\"author\":{\"name\":\"Alan Lis\",\"@id\":\"https:\/\/mil.link\/pl\/#\/schema\/person\/4d76a1d3a52b3bb5bb3b98f29a38801a\"},\"headline\":\"Napi\u0119cia na linii Waszyngton &#8211; Teheran\",\"datePublished\":\"2019-05-17T22:12:35+00:00\",\"dateModified\":\"2019-05-17T22:12:36+00:00\",\"mainEntityOfPage\":{\"@id\":\"https:\/\/mil.link\/pl\/napiecia-na-linii-waszyngton-teheran\/\"},\"wordCount\":861,\"publisher\":{\"@id\":\"https:\/\/mil.link\/pl\/#organization\"},\"keywords\":[\"Iran\",\"USA\"],\"articleSection\":[\"Geopolityka\"],\"inLanguage\":\"pl-PL\"},{\"@type\":\"WebPage\",\"@id\":\"https:\/\/mil.link\/pl\/napiecia-na-linii-waszyngton-teheran\/\",\"url\":\"https:\/\/mil.link\/pl\/napiecia-na-linii-waszyngton-teheran\/\",\"name\":\"Napi\u0119cia na linii Waszyngton - Teheran | MIL.link - edycja polska\",\"isPartOf\":{\"@id\":\"https:\/\/mil.link\/pl\/#website\"},\"datePublished\":\"2019-05-17T22:12:35+00:00\",\"dateModified\":\"2019-05-17T22:12:36+00:00\",\"breadcrumb\":{\"@id\":\"https:\/\/mil.link\/pl\/napiecia-na-linii-waszyngton-teheran\/#breadcrumb\"},\"inLanguage\":\"pl-PL\",\"potentialAction\":[{\"@type\":\"ReadAction\",\"target\":[\"https:\/\/mil.link\/pl\/napiecia-na-linii-waszyngton-teheran\/\"]}]},{\"@type\":\"BreadcrumbList\",\"@id\":\"https:\/\/mil.link\/pl\/napiecia-na-linii-waszyngton-teheran\/#breadcrumb\",\"itemListElement\":[{\"@type\":\"ListItem\",\"position\":1,\"name\":\"Strona g\u0142\u00f3wna\",\"item\":\"https:\/\/mil.link\/pl\/\"},{\"@type\":\"ListItem\",\"position\":2,\"name\":\"Napi\u0119cia na linii Waszyngton &#8211; Teheran\"}]},{\"@type\":\"WebSite\",\"@id\":\"https:\/\/mil.link\/pl\/#website\",\"url\":\"https:\/\/mil.link\/pl\/\",\"name\":\"MIL.link - edycja polska\",\"description\":\"\",\"publisher\":{\"@id\":\"https:\/\/mil.link\/pl\/#organization\"},\"potentialAction\":[{\"@type\":\"SearchAction\",\"target\":{\"@type\":\"EntryPoint\",\"urlTemplate\":\"https:\/\/mil.link\/pl\/?s={search_term_string}\"},\"query-input\":\"required name=search_term_string\"}],\"inLanguage\":\"pl-PL\"},{\"@type\":\"Organization\",\"@id\":\"https:\/\/mil.link\/pl\/#organization\",\"name\":\"mil.link\",\"url\":\"https:\/\/mil.link\/pl\/\",\"sameAs\":[\"https:\/\/www.facebook.com\/mildotlink\/\",\"https:\/\/twitter.com\/mildotlink\"],\"logo\":{\"@type\":\"ImageObject\",\"inLanguage\":\"pl-PL\",\"@id\":\"https:\/\/mil.link\/pl\/#\/schema\/logo\/image\/\",\"url\":\"https:\/\/mil.link\/pl\/wp-content\/uploads\/2018\/04\/millink.png\",\"contentUrl\":\"https:\/\/mil.link\/pl\/wp-content\/uploads\/2018\/04\/millink.png\",\"width\":317,\"height\":93,\"caption\":\"mil.link\"},\"image\":{\"@id\":\"https:\/\/mil.link\/pl\/#\/schema\/logo\/image\/\"}},{\"@type\":\"Person\",\"@id\":\"https:\/\/mil.link\/pl\/#\/schema\/person\/4d76a1d3a52b3bb5bb3b98f29a38801a\",\"name\":\"Alan Lis\",\"description\":\"Student International Security na Uniwersytecie w Warwick w Wielkiej Brytanii. Absolwent Politics with International Relations na Uniwersytecie w Yorku. Rok sp\u0119dzony na Uniwersytecie w Bergen w Norwegii. Wielokrotnie pisa\u0142 o terroryzmie, konfliktach, sytuacji w Syrii, agencjach wywiadowczych i kontrwywiadowczych w kontek\u015bcie ich wp\u0142ywu na bezpiecze\u0144stwo.\",\"url\":\"https:\/\/mil.link\/pl\/author\/alanlis\/\"}]}<\/script>\n<!-- \/ Yoast SEO plugin. -->","yoast_head_json":{"title":"Napi\u0119cia na linii Waszyngton - Teheran | MIL.link - edycja polska","robots":{"index":"index","follow":"follow","max-snippet":"max-snippet:-1","max-image-preview":"max-image-preview:large","max-video-preview":"max-video-preview:-1"},"canonical":"https:\/\/mil.link\/pl\/napiecia-na-linii-waszyngton-teheran\/","og_locale":"pl_PL","og_type":"article","og_title":"Napi\u0119cia na linii Waszyngton - Teheran | MIL.link - edycja polska","og_description":"W ci\u0105gu ostatnich miesi\u0119cy, relacje pomi\u0119dzy Stanami Zjednoczonymi a Iranem zdecydowanie si\u0119 pogorszy\u0142y. Waszyngton i Teheran wkroczy\u0142y na \u015bcie\u017ck\u0119 wzajemnych gr\u00f3\u017ab, co oczywi\u015bcie nie jest zjawiskiem nowym, jednak\u017ce, wraz z podpisaniem paktu nuklearnego pomi\u0119dzy Iranem i \u015bwiatowymi mocarstwami w 2015 roku, niekt\u00f3rzy mogli mie\u0107 nadzieje, \u017ce przyniesie on okres nieco d\u0142u\u017cszej (wzgl\u0119dnej) stabilno\u015bci i bezpiecze\u0144stwa ...","og_url":"https:\/\/mil.link\/pl\/napiecia-na-linii-waszyngton-teheran\/","og_site_name":"MIL.link - edycja polska","article_publisher":"https:\/\/www.facebook.com\/mildotlink\/","article_published_time":"2019-05-17T22:12:35+00:00","article_modified_time":"2019-05-17T22:12:36+00:00","og_image":[{"width":1024,"height":683,"url":"https:\/\/mil.link\/pl\/wp-content\/uploads\/2019\/05\/ruins-of-the-zoroastrian-fire-temple-in-yazd-PW3ET7B-1024x683.jpg","type":"image\/jpeg"}],"author":"Alan Lis","twitter_card":"summary_large_image","twitter_creator":"@mildotlink","twitter_site":"@mildotlink","twitter_misc":{"Napisane przez":"Alan Lis","Szacowany czas czytania":"4 minuty"},"schema":{"@context":"https:\/\/schema.org","@graph":[{"@type":"Article","@id":"https:\/\/mil.link\/pl\/napiecia-na-linii-waszyngton-teheran\/#article","isPartOf":{"@id":"https:\/\/mil.link\/pl\/napiecia-na-linii-waszyngton-teheran\/"},"author":{"name":"Alan Lis","@id":"https:\/\/mil.link\/pl\/#\/schema\/person\/4d76a1d3a52b3bb5bb3b98f29a38801a"},"headline":"Napi\u0119cia na linii Waszyngton &#8211; Teheran","datePublished":"2019-05-17T22:12:35+00:00","dateModified":"2019-05-17T22:12:36+00:00","mainEntityOfPage":{"@id":"https:\/\/mil.link\/pl\/napiecia-na-linii-waszyngton-teheran\/"},"wordCount":861,"publisher":{"@id":"https:\/\/mil.link\/pl\/#organization"},"keywords":["Iran","USA"],"articleSection":["Geopolityka"],"inLanguage":"pl-PL"},{"@type":"WebPage","@id":"https:\/\/mil.link\/pl\/napiecia-na-linii-waszyngton-teheran\/","url":"https:\/\/mil.link\/pl\/napiecia-na-linii-waszyngton-teheran\/","name":"Napi\u0119cia na linii Waszyngton - Teheran | MIL.link - edycja polska","isPartOf":{"@id":"https:\/\/mil.link\/pl\/#website"},"datePublished":"2019-05-17T22:12:35+00:00","dateModified":"2019-05-17T22:12:36+00:00","breadcrumb":{"@id":"https:\/\/mil.link\/pl\/napiecia-na-linii-waszyngton-teheran\/#breadcrumb"},"inLanguage":"pl-PL","potentialAction":[{"@type":"ReadAction","target":["https:\/\/mil.link\/pl\/napiecia-na-linii-waszyngton-teheran\/"]}]},{"@type":"BreadcrumbList","@id":"https:\/\/mil.link\/pl\/napiecia-na-linii-waszyngton-teheran\/#breadcrumb","itemListElement":[{"@type":"ListItem","position":1,"name":"Strona g\u0142\u00f3wna","item":"https:\/\/mil.link\/pl\/"},{"@type":"ListItem","position":2,"name":"Napi\u0119cia na linii Waszyngton &#8211; Teheran"}]},{"@type":"WebSite","@id":"https:\/\/mil.link\/pl\/#website","url":"https:\/\/mil.link\/pl\/","name":"MIL.link - edycja polska","description":"","publisher":{"@id":"https:\/\/mil.link\/pl\/#organization"},"potentialAction":[{"@type":"SearchAction","target":{"@type":"EntryPoint","urlTemplate":"https:\/\/mil.link\/pl\/?s={search_term_string}"},"query-input":"required name=search_term_string"}],"inLanguage":"pl-PL"},{"@type":"Organization","@id":"https:\/\/mil.link\/pl\/#organization","name":"mil.link","url":"https:\/\/mil.link\/pl\/","sameAs":["https:\/\/www.facebook.com\/mildotlink\/","https:\/\/twitter.com\/mildotlink"],"logo":{"@type":"ImageObject","inLanguage":"pl-PL","@id":"https:\/\/mil.link\/pl\/#\/schema\/logo\/image\/","url":"https:\/\/mil.link\/pl\/wp-content\/uploads\/2018\/04\/millink.png","contentUrl":"https:\/\/mil.link\/pl\/wp-content\/uploads\/2018\/04\/millink.png","width":317,"height":93,"caption":"mil.link"},"image":{"@id":"https:\/\/mil.link\/pl\/#\/schema\/logo\/image\/"}},{"@type":"Person","@id":"https:\/\/mil.link\/pl\/#\/schema\/person\/4d76a1d3a52b3bb5bb3b98f29a38801a","name":"Alan Lis","description":"Student International Security na Uniwersytecie w Warwick w Wielkiej Brytanii. Absolwent Politics with International Relations na Uniwersytecie w Yorku. Rok sp\u0119dzony na Uniwersytecie w Bergen w Norwegii. Wielokrotnie pisa\u0142 o terroryzmie, konfliktach, sytuacji w Syrii, agencjach wywiadowczych i kontrwywiadowczych w kontek\u015bcie ich wp\u0142ywu na bezpiecze\u0144stwo.","url":"https:\/\/mil.link\/pl\/author\/alanlis\/"}]}},"_links":{"self":[{"href":"https:\/\/mil.link\/pl\/wp-json\/wp\/v2\/posts\/4148"}],"collection":[{"href":"https:\/\/mil.link\/pl\/wp-json\/wp\/v2\/posts"}],"about":[{"href":"https:\/\/mil.link\/pl\/wp-json\/wp\/v2\/types\/post"}],"author":[{"embeddable":true,"href":"https:\/\/mil.link\/pl\/wp-json\/wp\/v2\/users\/39"}],"replies":[{"embeddable":true,"href":"https:\/\/mil.link\/pl\/wp-json\/wp\/v2\/comments?post=4148"}],"version-history":[{"count":1,"href":"https:\/\/mil.link\/pl\/wp-json\/wp\/v2\/posts\/4148\/revisions"}],"predecessor-version":[{"id":4150,"href":"https:\/\/mil.link\/pl\/wp-json\/wp\/v2\/posts\/4148\/revisions\/4150"}],"wp:featuredmedia":[{"embeddable":true,"href":"https:\/\/mil.link\/pl\/wp-json\/wp\/v2\/media\/4149"}],"wp:attachment":[{"href":"https:\/\/mil.link\/pl\/wp-json\/wp\/v2\/media?parent=4148"}],"wp:term":[{"taxonomy":"category","embeddable":true,"href":"https:\/\/mil.link\/pl\/wp-json\/wp\/v2\/categories?post=4148"},{"taxonomy":"post_tag","embeddable":true,"href":"https:\/\/mil.link\/pl\/wp-json\/wp\/v2\/tags?post=4148"}],"curies":[{"name":"wp","href":"https:\/\/api.w.org\/{rel}","templated":true}]}}