{"id":4186,"date":"2019-06-09T20:16:19","date_gmt":"2019-06-09T20:16:19","guid":{"rendered":"https:\/\/mil.link\/pl\/?p=4186"},"modified":"2019-06-09T20:29:48","modified_gmt":"2019-06-09T20:29:48","slug":"kwestia-stalej-bazy-wojsk-amerykanskich-w-polsce","status":"publish","type":"post","link":"https:\/\/mil.link\/pl\/kwestia-stalej-bazy-wojsk-amerykanskich-w-polsce\/","title":{"rendered":"Kwestia sta\u0142ej bazy wojsk ameryka\u0144skich w Polsce"},"content":{"rendered":"\n<p class=\"has-drop-cap\"><strong>Od upadku komunizmu, Stany Zjednoczone s\u0105 uznawane przez wielu jako g\u0142\u00f3wny sojusznik Polski oraz gwarant jej suwerenno\u015bci i bezpiecze\u0144stwa. Od wielu ju\u017c lat polskie w\u0142adze &#8211; niezale\u017cnie od ich politycznych i ideologicznych pogl\u0105d\u00f3w &#8211; staraj\u0105 si\u0119 doprowadzi\u0107 do sta\u0142ej obecno\u015bci wojsk ameryka\u0144skich w Polsce. Z czasem kwestia ta sta\u0142a si\u0119 niejako jednym z wielu element\u00f3w wewn\u0119trznej gry politycznej. <\/strong><\/p>\n\n\n\n<p>Obecny rz\u0105d Zjednoczonej Prawicy prowadzi usilne starania by przekona\u0107 Amerykan\u00f3w do za\u0142o\u017cenia sta\u0142ej bazy wojskowej. Prezydent Andrzej Duda, b\u0119d\u0105c go\u015bciem w Bia\u0142ym Domu we wrze\u015bniu 2018 roku zasugerowa\u0142 nawet nazw\u0119 dla takiej bazy, kt\u00f3ra od nazwiska obecnego prezydenta Stan\u00f3w Zjednoczonych nosi\u0142aby nazw\u0119 &#8222;Fort Trump&#8221;.<\/p>\n\n\n\n<p>Dla wielu Polak\u00f3w najwi\u0119ksze zagro\u017cenie zewn\u0119trzne dla kraju stanowi Rosja. Pogl\u0105dy spo\u0142ecze\u0144stwa na ten temat znajduj\u0105 odzwierciedlenie po\u015br\u00f3d polskich parlamentarzyst\u00f3w, kt\u00f3rzy, je\u015bli zostaliby zapytani, w wi\u0119kszo\u015bci potwierdziliby zagro\u017cenie rosyjskie jako to najpowa\u017cniejsze dla bezpiecze\u0144stwa Polski. <\/p>\n\n\n\n<p>Pogl\u0105dy te niew\u0105tpliwie s\u0105 wynikiem dekad rz\u0105d\u00f3w opresyjnego re\u017cimu komunistycznego, kt\u00f3ry zale\u017cny by\u0142 w\u0142a\u015bnie od Moskwy. Od upadku komunizmu, Polska skr\u0119ci\u0142a gospodarczo, militarnie i politycznie w stron\u0119 Zachodu i sta\u0142a si\u0119 cz\u0142onkiem Unii Europejskiej (UE) i NATO, kt\u00f3re wraz z sojuszem Polski z USA stanowi\u0105 niejako parasol ochronny dla Polski. <\/p>\n\n\n\n<p>Poprzez cz\u0142onkostwo w UE, Polska zwi\u0105za\u0142a si\u0119 gospodarczo i ekonomicznie z blisko trzydziestk\u0105 pozosta\u0142ych cz\u0142onk\u00f3w, natomiast NATO zapewnia ochron\u0119 o charakterze militarnym, zw\u0142aszcza od kiedy postanowienia ze szczytu NATO z 2016 roku zosta\u0142y wprowadzone w \u017cycie i mi\u0119dzynarodowa batalionowa grupa bojowa zosta\u0142a rozlokowana w Orzyszu, tym samym zwi\u0119kszaj\u0105c liczb\u0119 zachodnich jednostek stacjonuj\u0105cych w Polsce.<\/p>\n\n\n\n<p>Skoro jednak, jak ju\u017c wspomniano, NATO zapewnia Polsce militarn\u0105 protekcj\u0119, w takim razie czy przekonywanie Waszyngtonu do utworzenia sta\u0142ej bazy dla ameryka\u0144skich wojsk w Polsce jest uzasadnione i czy &#8222;Fort Trump&#8221; by\u0142by zasadny z punktu widzenia jej bezpiecze\u0144stwa? <\/p>\n\n\n\n<p>Cz\u0119\u015b\u0107, prawdopodobnie nawet wi\u0119kszo\u015b\u0107, ekspert\u00f3w i obserwator\u00f3w twierdzi, \u017ce &#8222;Fort&#8221; stanowi\u0142by dodatkow\u0105 warstw\u0119 zabezpieczaj\u0105c\u0105 Polsk\u0119 przed Rosj\u0105 i jej ekspansjonistycznymi zakusami. Pomimo polskiego cz\u0142onkostwa w UE i NATO niewielu przyzna\u0142oby, \u017ce dodatkowe jednostki wojsk ameryka\u0144skich by\u0142yby jak\u0105kolwiek przesad\u0105, szczeg\u00f3lnie zwa\u017cywszy na to, co dzieje si\u0119 we wschodniej cz\u0119\u015bci Ukrainy od kilku lat. <\/p>\n\n\n\n<p>Przede wszystkim jednak sta\u0142a obecno\u015b\u0107 wojsk USA\u00a0niew\u0105tpliwie podnios\u0142aby znaczenie Polski na arenie mi\u0119dzynarodowej, a szczeg\u00f3lnie w regionie Europy \u015arodkowo-Wschodniej &#8211; na wiele sposob\u00f3w Polskie w\u0142adze, niezale\u017cnie od ich opcji politycznych, staraj\u0105 si\u0119 od lat prezentowa\u0107 Polsk\u0119 jako lidera tego regionu. Sta\u0142a obecno\u015b\u0107 ameryka\u0144skich wojsk niew\u0105tpliwie podkre\u015bli\u0142aby bliskie kontakty Warszawy i Waszyngtonu.<\/p>\n\n\n\n<p>Jednak\u017ce, zanim baza zostanie za\u0142o\u017cona, znalezione musz\u0105 zosta\u0107 fundusze na pokrycie wszelkich koszt\u00f3w i idea ta musi zyska\u0107 poparcie wi\u0119kszo\u015bci ameryka\u0144skich legislator\u00f3w. To jednak nie powinno stanowi\u0107 wi\u0119kszego problemu, gdy\u017c ju\u017c od pewnego czasu w Stanach Zjednoczonych pojawiaj\u0105 si\u0119 g\u0142osy popieraj\u0105ce zwi\u0119kszenie ameryka\u0144skiej obecno\u015bci wojskowej we wschodniej cz\u0119\u015bci Europy, maj\u0105c na uwadze niezbyt poprawne relacje z Rosj\u0105. <\/p>\n\n\n\n<p>The Atlantic Council, waszyngto\u0144ski think thank, wyda\u0142 raport w grudniu 2018 roku, argumentuj\u0105c, \u017ce w\u0142a\u015bnie z tego powodu, a tak\u017ce przez wzmocnienia rosyjskich jednostek w obwodzie Kaliningradzkim (z kt\u00f3rym Polska dzieli granic\u0119) i moskiewskie zaanga\u017cowanie w dzia\u0142ania hybrydowe, dodatkowi \u017co\u0142nierze powinni zosta\u0107 rozlokowani w pobli\u017cu granicy z Rosj\u0105.<\/p>\n\n\n\n<p>Co zrozumia\u0142e, Rosja nie jest szczeg\u00f3lnie zadowolona z pomys\u0142u utworzenia sta\u0142ej bazy wojskowej USA w Polsce. Jest wysoce prawdopodobnym, \u017ce &#8222;Fort Trump&#8221; by\u0142by kolejnym czynnikiem wspieraj\u0105cym argumentacj\u0119 Moskwy, \u017ce rozmieszczanie \u017co\u0142nierzy kraj\u00f3w i organizacji zachodnich w pobli\u017cu granicy rosyjskiej nie tylko podwa\u017ca bezpiecze\u0144stwo Federacji w teorii, lecz r\u00f3wnie\u017c stanowi bezpo\u015brednie dla niej zagro\u017cenie. <\/p>\n\n\n\n<p>Czy &#8222;Fort Trump&#8221; b\u0119dzie przyczyn\u0105 powa\u017cnej eskalacji w relacjach Moskwy z Waszyngtonem oka\u017ce si\u0119 w nie tak odleg\u0142ej przysz\u0142o\u015bci. Wysoce prawdopodobnym efektem jest pogorszenie si\u0119 dwustronnych relacji pomi\u0119dzy Warszaw\u0105 a Moskw\u0105, a tak\u017ce dalsze umocnienie rosyjskich pozycji militarnych na terenie Obwodu Kaliningradzkiego i by\u0107 mo\u017ce Bia\u0142orusi.<\/p>\n\n\n\n<p>Mo\u017cna postawi\u0107 tez\u0119, \u017ce sta\u0142a obecno\u015b\u0107 wojsk ameryka\u0144skich w Polsce le\u017cy nie tylko w jej interesie, lecz tak\u017ce w interesie USA i NATO. Niew\u0105tpliwie przyczyni\u0142aby si\u0119 ona do wzmocnienia wschodniej flanki NATO przeciw agresywnym dzia\u0142aniom ze strony Rosji. <\/p>\n\n\n\n<p>Za\u0142o\u017cenie bazy by\u0142oby r\u00f3wnie\u017c \u015bwiadectwem wsparcia prezydenta Trumpa dla NATO i si\u0142 Sojuszu rozlokowanych w Polsce &#8211; kt\u00f3rych znaczna cz\u0119\u015b\u0107 i tak jest ameryka\u0144skiego pochodzenia &#8211; po d\u0142u\u017cszym okresie okazywania nieco lekcewa\u017c\u0105cego i niezbyt pozytywnego stosunku do NATO. Prezydent Andrzej Duda ju\u017c 12 czerwca odwiedzi Bia\u0142y Dom, wi\u0119c ewentualne decyzje powinny by\u0107 podane do wiadomo\u015bci publicznej w\u0142a\u015bnie wtedy.<br><\/p>\n","protected":false},"excerpt":{"rendered":"<p>Od upadku komunizmu, Stany Zjednoczone s\u0105 uznawane przez wielu jako g\u0142\u00f3wny sojusznik Polski oraz gwarant jej suwerenno\u015bci i bezpiecze\u0144stwa. Od wielu ju\u017c lat polskie w\u0142adze &#8211; niezale\u017cnie od ich politycznych i ideologicznych pogl\u0105d\u00f3w &#8211; staraj\u0105 si\u0119 doprowadzi\u0107 do sta\u0142ej obecno\u015bci wojsk ameryka\u0144skich w Polsce. Z czasem kwestia ta sta\u0142a si\u0119 niejako jednym z wielu element\u00f3w  &#8230;<\/p>\n","protected":false},"author":39,"featured_media":4171,"comment_status":"closed","ping_status":"closed","sticky":false,"template":"single-default-ns.php","format":"standard","meta":[],"categories":[3,378,6],"tags":[418,417,316],"yoast_head":"<!-- This site is optimized with the Yoast SEO plugin v19.8 - https:\/\/yoast.com\/wordpress\/plugins\/seo\/ -->\n<title>Kwestia sta\u0142ej bazy wojsk ameryka\u0144skich w Polsce | MIL.link - edycja polska<\/title>\n<meta name=\"robots\" content=\"index, follow, max-snippet:-1, max-image-preview:large, max-video-preview:-1\" \/>\n<link rel=\"canonical\" href=\"https:\/\/mil.link\/pl\/kwestia-stalej-bazy-wojsk-amerykanskich-w-polsce\/\" \/>\n<meta property=\"og:locale\" content=\"pl_PL\" \/>\n<meta property=\"og:type\" content=\"article\" \/>\n<meta property=\"og:title\" content=\"Kwestia sta\u0142ej bazy wojsk ameryka\u0144skich w Polsce | MIL.link - edycja polska\" \/>\n<meta property=\"og:description\" content=\"Od upadku komunizmu, Stany Zjednoczone s\u0105 uznawane przez wielu jako g\u0142\u00f3wny sojusznik Polski oraz gwarant jej suwerenno\u015bci i bezpiecze\u0144stwa. Od wielu ju\u017c lat polskie w\u0142adze &#8211; niezale\u017cnie od ich politycznych i ideologicznych pogl\u0105d\u00f3w &#8211; staraj\u0105 si\u0119 doprowadzi\u0107 do sta\u0142ej obecno\u015bci wojsk ameryka\u0144skich w Polsce. Z czasem kwestia ta sta\u0142a si\u0119 niejako jednym z wielu element\u00f3w ...\" \/>\n<meta property=\"og:url\" content=\"https:\/\/mil.link\/pl\/kwestia-stalej-bazy-wojsk-amerykanskich-w-polsce\/\" \/>\n<meta property=\"og:site_name\" content=\"MIL.link - edycja polska\" \/>\n<meta property=\"article:publisher\" content=\"https:\/\/www.facebook.com\/mildotlink\/\" \/>\n<meta property=\"article:published_time\" content=\"2019-06-09T20:16:19+00:00\" \/>\n<meta property=\"article:modified_time\" content=\"2019-06-09T20:29:48+00:00\" \/>\n<meta property=\"og:image\" content=\"https:\/\/mil.link\/pl\/wp-content\/uploads\/2019\/06\/american-flag-military-patch-PRYGGKG-e1560108677772.jpg\" \/>\n\t<meta property=\"og:image:width\" content=\"3000\" \/>\n\t<meta property=\"og:image:height\" content=\"2000\" \/>\n\t<meta property=\"og:image:type\" content=\"image\/jpeg\" \/>\n<meta name=\"author\" content=\"Alan Lis\" \/>\n<meta name=\"twitter:card\" content=\"summary_large_image\" \/>\n<meta name=\"twitter:creator\" content=\"@mildotlink\" \/>\n<meta name=\"twitter:site\" content=\"@mildotlink\" \/>\n<meta name=\"twitter:label1\" content=\"Napisane przez\" \/>\n\t<meta name=\"twitter:data1\" content=\"Alan Lis\" \/>\n\t<meta name=\"twitter:label2\" content=\"Szacowany czas czytania\" \/>\n\t<meta name=\"twitter:data2\" content=\"4 minuty\" \/>\n<script type=\"application\/ld+json\" class=\"yoast-schema-graph\">{\"@context\":\"https:\/\/schema.org\",\"@graph\":[{\"@type\":\"Article\",\"@id\":\"https:\/\/mil.link\/pl\/kwestia-stalej-bazy-wojsk-amerykanskich-w-polsce\/#article\",\"isPartOf\":{\"@id\":\"https:\/\/mil.link\/pl\/kwestia-stalej-bazy-wojsk-amerykanskich-w-polsce\/\"},\"author\":{\"name\":\"Alan Lis\",\"@id\":\"https:\/\/mil.link\/pl\/#\/schema\/person\/4d76a1d3a52b3bb5bb3b98f29a38801a\"},\"headline\":\"Kwestia sta\u0142ej bazy wojsk ameryka\u0144skich w Polsce\",\"datePublished\":\"2019-06-09T20:16:19+00:00\",\"dateModified\":\"2019-06-09T20:29:48+00:00\",\"mainEntityOfPage\":{\"@id\":\"https:\/\/mil.link\/pl\/kwestia-stalej-bazy-wojsk-amerykanskich-w-polsce\/\"},\"wordCount\":860,\"publisher\":{\"@id\":\"https:\/\/mil.link\/pl\/#organization\"},\"keywords\":[\"bazy\",\"Fort Trump\",\"Trump\"],\"articleSection\":[\"Bezpiecze\u0144stwo\",\"featured\",\"Geopolityka\"],\"inLanguage\":\"pl-PL\"},{\"@type\":\"WebPage\",\"@id\":\"https:\/\/mil.link\/pl\/kwestia-stalej-bazy-wojsk-amerykanskich-w-polsce\/\",\"url\":\"https:\/\/mil.link\/pl\/kwestia-stalej-bazy-wojsk-amerykanskich-w-polsce\/\",\"name\":\"Kwestia sta\u0142ej bazy wojsk ameryka\u0144skich w Polsce | MIL.link - edycja polska\",\"isPartOf\":{\"@id\":\"https:\/\/mil.link\/pl\/#website\"},\"datePublished\":\"2019-06-09T20:16:19+00:00\",\"dateModified\":\"2019-06-09T20:29:48+00:00\",\"breadcrumb\":{\"@id\":\"https:\/\/mil.link\/pl\/kwestia-stalej-bazy-wojsk-amerykanskich-w-polsce\/#breadcrumb\"},\"inLanguage\":\"pl-PL\",\"potentialAction\":[{\"@type\":\"ReadAction\",\"target\":[\"https:\/\/mil.link\/pl\/kwestia-stalej-bazy-wojsk-amerykanskich-w-polsce\/\"]}]},{\"@type\":\"BreadcrumbList\",\"@id\":\"https:\/\/mil.link\/pl\/kwestia-stalej-bazy-wojsk-amerykanskich-w-polsce\/#breadcrumb\",\"itemListElement\":[{\"@type\":\"ListItem\",\"position\":1,\"name\":\"Strona g\u0142\u00f3wna\",\"item\":\"https:\/\/mil.link\/pl\/\"},{\"@type\":\"ListItem\",\"position\":2,\"name\":\"Kwestia sta\u0142ej bazy wojsk ameryka\u0144skich w Polsce\"}]},{\"@type\":\"WebSite\",\"@id\":\"https:\/\/mil.link\/pl\/#website\",\"url\":\"https:\/\/mil.link\/pl\/\",\"name\":\"MIL.link - edycja polska\",\"description\":\"\",\"publisher\":{\"@id\":\"https:\/\/mil.link\/pl\/#organization\"},\"potentialAction\":[{\"@type\":\"SearchAction\",\"target\":{\"@type\":\"EntryPoint\",\"urlTemplate\":\"https:\/\/mil.link\/pl\/?s={search_term_string}\"},\"query-input\":\"required name=search_term_string\"}],\"inLanguage\":\"pl-PL\"},{\"@type\":\"Organization\",\"@id\":\"https:\/\/mil.link\/pl\/#organization\",\"name\":\"mil.link\",\"url\":\"https:\/\/mil.link\/pl\/\",\"sameAs\":[\"https:\/\/www.facebook.com\/mildotlink\/\",\"https:\/\/twitter.com\/mildotlink\"],\"logo\":{\"@type\":\"ImageObject\",\"inLanguage\":\"pl-PL\",\"@id\":\"https:\/\/mil.link\/pl\/#\/schema\/logo\/image\/\",\"url\":\"https:\/\/mil.link\/pl\/wp-content\/uploads\/2018\/04\/millink.png\",\"contentUrl\":\"https:\/\/mil.link\/pl\/wp-content\/uploads\/2018\/04\/millink.png\",\"width\":317,\"height\":93,\"caption\":\"mil.link\"},\"image\":{\"@id\":\"https:\/\/mil.link\/pl\/#\/schema\/logo\/image\/\"}},{\"@type\":\"Person\",\"@id\":\"https:\/\/mil.link\/pl\/#\/schema\/person\/4d76a1d3a52b3bb5bb3b98f29a38801a\",\"name\":\"Alan Lis\",\"description\":\"Student International Security na Uniwersytecie w Warwick w Wielkiej Brytanii. Absolwent Politics with International Relations na Uniwersytecie w Yorku. Rok sp\u0119dzony na Uniwersytecie w Bergen w Norwegii. Wielokrotnie pisa\u0142 o terroryzmie, konfliktach, sytuacji w Syrii, agencjach wywiadowczych i kontrwywiadowczych w kontek\u015bcie ich wp\u0142ywu na bezpiecze\u0144stwo.\",\"url\":\"https:\/\/mil.link\/pl\/author\/alanlis\/\"}]}<\/script>\n<!-- \/ Yoast SEO plugin. -->","yoast_head_json":{"title":"Kwestia sta\u0142ej bazy wojsk ameryka\u0144skich w Polsce | MIL.link - edycja polska","robots":{"index":"index","follow":"follow","max-snippet":"max-snippet:-1","max-image-preview":"max-image-preview:large","max-video-preview":"max-video-preview:-1"},"canonical":"https:\/\/mil.link\/pl\/kwestia-stalej-bazy-wojsk-amerykanskich-w-polsce\/","og_locale":"pl_PL","og_type":"article","og_title":"Kwestia sta\u0142ej bazy wojsk ameryka\u0144skich w Polsce | MIL.link - edycja polska","og_description":"Od upadku komunizmu, Stany Zjednoczone s\u0105 uznawane przez wielu jako g\u0142\u00f3wny sojusznik Polski oraz gwarant jej suwerenno\u015bci i bezpiecze\u0144stwa. Od wielu ju\u017c lat polskie w\u0142adze &#8211; niezale\u017cnie od ich politycznych i ideologicznych pogl\u0105d\u00f3w &#8211; staraj\u0105 si\u0119 doprowadzi\u0107 do sta\u0142ej obecno\u015bci wojsk ameryka\u0144skich w Polsce. Z czasem kwestia ta sta\u0142a si\u0119 niejako jednym z wielu element\u00f3w ...","og_url":"https:\/\/mil.link\/pl\/kwestia-stalej-bazy-wojsk-amerykanskich-w-polsce\/","og_site_name":"MIL.link - edycja polska","article_publisher":"https:\/\/www.facebook.com\/mildotlink\/","article_published_time":"2019-06-09T20:16:19+00:00","article_modified_time":"2019-06-09T20:29:48+00:00","og_image":[{"width":3000,"height":2000,"url":"https:\/\/mil.link\/pl\/wp-content\/uploads\/2019\/06\/american-flag-military-patch-PRYGGKG-e1560108677772.jpg","type":"image\/jpeg"}],"author":"Alan Lis","twitter_card":"summary_large_image","twitter_creator":"@mildotlink","twitter_site":"@mildotlink","twitter_misc":{"Napisane przez":"Alan Lis","Szacowany czas czytania":"4 minuty"},"schema":{"@context":"https:\/\/schema.org","@graph":[{"@type":"Article","@id":"https:\/\/mil.link\/pl\/kwestia-stalej-bazy-wojsk-amerykanskich-w-polsce\/#article","isPartOf":{"@id":"https:\/\/mil.link\/pl\/kwestia-stalej-bazy-wojsk-amerykanskich-w-polsce\/"},"author":{"name":"Alan Lis","@id":"https:\/\/mil.link\/pl\/#\/schema\/person\/4d76a1d3a52b3bb5bb3b98f29a38801a"},"headline":"Kwestia sta\u0142ej bazy wojsk ameryka\u0144skich w Polsce","datePublished":"2019-06-09T20:16:19+00:00","dateModified":"2019-06-09T20:29:48+00:00","mainEntityOfPage":{"@id":"https:\/\/mil.link\/pl\/kwestia-stalej-bazy-wojsk-amerykanskich-w-polsce\/"},"wordCount":860,"publisher":{"@id":"https:\/\/mil.link\/pl\/#organization"},"keywords":["bazy","Fort Trump","Trump"],"articleSection":["Bezpiecze\u0144stwo","featured","Geopolityka"],"inLanguage":"pl-PL"},{"@type":"WebPage","@id":"https:\/\/mil.link\/pl\/kwestia-stalej-bazy-wojsk-amerykanskich-w-polsce\/","url":"https:\/\/mil.link\/pl\/kwestia-stalej-bazy-wojsk-amerykanskich-w-polsce\/","name":"Kwestia sta\u0142ej bazy wojsk ameryka\u0144skich w Polsce | MIL.link - edycja polska","isPartOf":{"@id":"https:\/\/mil.link\/pl\/#website"},"datePublished":"2019-06-09T20:16:19+00:00","dateModified":"2019-06-09T20:29:48+00:00","breadcrumb":{"@id":"https:\/\/mil.link\/pl\/kwestia-stalej-bazy-wojsk-amerykanskich-w-polsce\/#breadcrumb"},"inLanguage":"pl-PL","potentialAction":[{"@type":"ReadAction","target":["https:\/\/mil.link\/pl\/kwestia-stalej-bazy-wojsk-amerykanskich-w-polsce\/"]}]},{"@type":"BreadcrumbList","@id":"https:\/\/mil.link\/pl\/kwestia-stalej-bazy-wojsk-amerykanskich-w-polsce\/#breadcrumb","itemListElement":[{"@type":"ListItem","position":1,"name":"Strona g\u0142\u00f3wna","item":"https:\/\/mil.link\/pl\/"},{"@type":"ListItem","position":2,"name":"Kwestia sta\u0142ej bazy wojsk ameryka\u0144skich w Polsce"}]},{"@type":"WebSite","@id":"https:\/\/mil.link\/pl\/#website","url":"https:\/\/mil.link\/pl\/","name":"MIL.link - edycja polska","description":"","publisher":{"@id":"https:\/\/mil.link\/pl\/#organization"},"potentialAction":[{"@type":"SearchAction","target":{"@type":"EntryPoint","urlTemplate":"https:\/\/mil.link\/pl\/?s={search_term_string}"},"query-input":"required name=search_term_string"}],"inLanguage":"pl-PL"},{"@type":"Organization","@id":"https:\/\/mil.link\/pl\/#organization","name":"mil.link","url":"https:\/\/mil.link\/pl\/","sameAs":["https:\/\/www.facebook.com\/mildotlink\/","https:\/\/twitter.com\/mildotlink"],"logo":{"@type":"ImageObject","inLanguage":"pl-PL","@id":"https:\/\/mil.link\/pl\/#\/schema\/logo\/image\/","url":"https:\/\/mil.link\/pl\/wp-content\/uploads\/2018\/04\/millink.png","contentUrl":"https:\/\/mil.link\/pl\/wp-content\/uploads\/2018\/04\/millink.png","width":317,"height":93,"caption":"mil.link"},"image":{"@id":"https:\/\/mil.link\/pl\/#\/schema\/logo\/image\/"}},{"@type":"Person","@id":"https:\/\/mil.link\/pl\/#\/schema\/person\/4d76a1d3a52b3bb5bb3b98f29a38801a","name":"Alan Lis","description":"Student International Security na Uniwersytecie w Warwick w Wielkiej Brytanii. Absolwent Politics with International Relations na Uniwersytecie w Yorku. Rok sp\u0119dzony na Uniwersytecie w Bergen w Norwegii. Wielokrotnie pisa\u0142 o terroryzmie, konfliktach, sytuacji w Syrii, agencjach wywiadowczych i kontrwywiadowczych w kontek\u015bcie ich wp\u0142ywu na bezpiecze\u0144stwo.","url":"https:\/\/mil.link\/pl\/author\/alanlis\/"}]}},"_links":{"self":[{"href":"https:\/\/mil.link\/pl\/wp-json\/wp\/v2\/posts\/4186"}],"collection":[{"href":"https:\/\/mil.link\/pl\/wp-json\/wp\/v2\/posts"}],"about":[{"href":"https:\/\/mil.link\/pl\/wp-json\/wp\/v2\/types\/post"}],"author":[{"embeddable":true,"href":"https:\/\/mil.link\/pl\/wp-json\/wp\/v2\/users\/39"}],"replies":[{"embeddable":true,"href":"https:\/\/mil.link\/pl\/wp-json\/wp\/v2\/comments?post=4186"}],"version-history":[{"count":5,"href":"https:\/\/mil.link\/pl\/wp-json\/wp\/v2\/posts\/4186\/revisions"}],"predecessor-version":[{"id":4191,"href":"https:\/\/mil.link\/pl\/wp-json\/wp\/v2\/posts\/4186\/revisions\/4191"}],"wp:featuredmedia":[{"embeddable":true,"href":"https:\/\/mil.link\/pl\/wp-json\/wp\/v2\/media\/4171"}],"wp:attachment":[{"href":"https:\/\/mil.link\/pl\/wp-json\/wp\/v2\/media?parent=4186"}],"wp:term":[{"taxonomy":"category","embeddable":true,"href":"https:\/\/mil.link\/pl\/wp-json\/wp\/v2\/categories?post=4186"},{"taxonomy":"post_tag","embeddable":true,"href":"https:\/\/mil.link\/pl\/wp-json\/wp\/v2\/tags?post=4186"}],"curies":[{"name":"wp","href":"https:\/\/api.w.org\/{rel}","templated":true}]}}