{"id":4222,"date":"2020-04-05T19:00:00","date_gmt":"2020-04-05T19:00:00","guid":{"rendered":"https:\/\/mil.link\/pl\/?p=4222"},"modified":"2020-04-07T19:21:42","modified_gmt":"2020-04-07T19:21:42","slug":"covid-19-w-polsce-pytania-i-watpliwosci","status":"publish","type":"post","link":"https:\/\/mil.link\/pl\/covid-19-w-polsce-pytania-i-watpliwosci\/","title":{"rendered":"COVID-19 w Polsce &#8211; pytania i w\u0105tpliwo\u015bci"},"content":{"rendered":"\n<p class=\"has-drop-cap has-medium-font-size\">Poni\u017cszy artyku\u0142 to zestaw pyta\u0144, w\u0105tpliwo\u015bci i wst\u0119pnych wniosk\u00f3w, zwi\u0105zanych z obecn\u0105 sytuacj\u0105 w Polsce w aspekcie zagro\u017cenia koronawirusem COVID-19. B\u0119d\u0105 pytania o badania naukowe, pytania o wnioski i rekomendacje na przysz\u0142o\u015b\u0107. Pyta\u0144 b\u0119dzie sporo, cze\u015b\u0107 bez oczywistej odpowiedzi, cze\u015b\u0107 mo\u017ce retoryczna.&nbsp;<\/p>\n\n\n\n<p class=\"has-medium-font-size\">Po co te pytania i dane? Analiza poni\u017cszych zagadnie\u0144 powinna by\u0107 przyczynkiem do przygotowania adekwatnej reakcji na przysz\u0142o\u015b\u0107 na podobne przypadki i zdarzenia, co zdecydowanie jest nieuniknione.&nbsp;<\/p>\n\n\n\n<h2>Liczby &#8211; zaka\u017cenia COVID-19<\/h2>\n\n\n\n<p>Niestety codziennie aktualizowana jest mapa zawieraj\u0105ca dane liczbowe dotycz\u0105ce os\u00f3b zaka\u017conych COVID-19 oraz ofiar \u015bmiertelnych w uj\u0119ciu do miejsca (wojew\u00f3dztwa) zamieszkania. Mapa pozwala na postawienie wielu ciekawych hipotez, inspiruje wr\u0119cz do stawiania pyta\u0144 i mo\u017cliwych do wyci\u0105gni\u0119cia wniosk\u00f3w.&nbsp;<\/p>\n\n\n\n<p>Po pierwsze, skala zaka\u017ce\u0144 a raczej znacz\u0105ce r\u00f3\u017cnice pomi\u0119dzy konkretnymi wojew\u00f3dztwami. Czy \u00f3w skala wskazuje i pokrywa si\u0119 z zamo\u017cno\u015bci\u0105 mieszka\u0144c\u00f3w a dalej ich mobilno\u015bci\u0105 i odbywanymi podr\u00f3\u017cami, tak w celach s\u0142u\u017cbowych, prywatnych i rekreacyjnych? Poza podr\u00f3\u017cami pod uwag\u0119 wzi\u0105\u0107 trzeba tak\u017ce kontakty (i ich charakter) tych os\u00f3b z obcokrajowcami lub innymi osobami, kt\u00f3re takie kontakty mia\u0142y, ze szczeg\u00f3lnym uwzgl\u0119dnieniem najbli\u017cszej rodziny i s\u0105siedztwa. Oczywi\u015bcie wojew\u00f3dztwo wojew\u00f3dztwu swoist\u0105 specyfik\u0105 nie r\u00f3wne, co tak\u017ce trzeba wzi\u0105\u0107 pod uwag\u0119.&nbsp;<\/p>\n\n\n\n<p>Co nam dadz\u0105 takie informacje? Pozwol\u0105 wytypowa\u0107 i przeanalizowa\u0107 najbardziej \u201eskuteczne\u201d a tym samym niebezpieczne kana\u0142y rozprzestrzeniania si\u0119 wirusa (i nie tylko tego). Wyci\u0105gni\u0119te wnioski b\u0119d\u0105 podstaw\u0105 do skutecznego i adekwatnego dzia\u0142ania w przysz\u0142o\u015bci a zwi\u0105zanego m.in. z zamykaniem granic czy przymusowymi kwarantannami. Nast\u0119pne pytanie z tego wniosku, czy domowa kwarantanna ma sens? Mo\u017ce warto wykorzysta\u0107 zamkni\u0119te i niefunkcjonuj\u0105ce w takim czasie o\u015brodki, np. sanatoria czy centra konferencyjne i prowadzi\u0107 kwarantann\u0119 w nadzorowanej formie zamkni\u0119tej?<\/p>\n\n\n\n<p>Na koniec jeszcze pytanie, dlaczego na mapie nie pokazuje si\u0119 danych dotycz\u0105cych os\u00f3b, kt\u00f3re wyzdrowia\u0142y lub zosta\u0142y wyleczone? Dlaczego nie ma informacji czy osi\u0105gni\u0119to pewn\u0105 powtarzalno\u015b\u0107, czy dana metoda u danej kategorii pacjent\u00f3w przynosi efekty? Czy kto\u015b (instytucja pa\u0144stwowa) powy\u017csze informacje zbiera, analizuje i wyci\u0105ga wnioski na przysz\u0142o\u015b\u0107?<\/p>\n\n\n\n<h2>#LotDoDomu<\/h2>\n\n\n\n<p>Idea oczywi\u015bcie wspania\u0142a ale czy dopracowana? W mniej ni\u017c miesi\u0105c \u015bci\u0105gamy do Ojczyzny oko\u0142o 50 tysi\u0119cy os\u00f3b, pomagamy tak\u017ce obcokrajowcom. Samo dzia\u0142anie budzi jednak w\u0105tpliwo\u015bci, w\u0105tpliwo\u015bci poparte pewn\u0105 wiedz\u0105, pierwszo\u017ar\u00f3d\u0142ow\u0105\u2026 Czy samoloty i za\u0142ogi przechodz\u0105 kwarantann\u0119 lub s\u0105 czasowo wy\u0142\u0105czone z dzia\u0142ania? Czy pok\u0142ady s\u0105 dezynfekowane? Czy podr\u00f3\u017cni przechodz\u0105 sprawdzenie przed i po podr\u00f3\u017cy? Czy cz\u0142onkiem za\u0142ogi jest lekarz? Jakie jest ob\u0142o\u017cenie pojedynczego lotu?&nbsp;<\/p>\n\n\n\n<p>Wyl\u0105dowanie samolotu to jeszcze nie koniec podr\u00f3\u017cy a tylko jej etapu. Oko\u0142o 50 tysi\u0119cy os\u00f3b, zobowi\u0105zanych do domowej kwarantanny w r\u00f3\u017cny spos\u00f3b rozje\u017cd\u017ca si\u0119 po kraju, do swoich dom\u00f3w i rodzin. Parafrazuj\u0105c pewn\u0105 reklam\u0119, 50 tysi\u0119cy\u2026&nbsp;<\/p>\n\n\n\n<h2>Zwierz\u0119ta domowe<\/h2>\n\n\n\n<p>Cz\u0119\u015b\u0107 lekarzy (i weterynarzy) donosi, \u017ce osoby stale obcuj\u0105ce ze zwierz\u0119tami domowymi (wskazano psy i koty) mog\u0105 mie\u0107 podwy\u017cszon\u0105 odporno\u015b\u0107. Wynika to z tego, \u017ce nasi bracia mniejsi maj\u0105 sta\u0142y kontakt z r\u00f3\u017cnymi koronawirusami, przez co przy okazji uodporniaj\u0105 swych opiekun\u00f3w.&nbsp;<\/p>\n\n\n\n<p>Czy kto\u015b to weryfikuje? Czy prowadzone s\u0105 badania? Czy zaka\u017conych w Polsce kto\u015b pyta czy posiadaj\u0105 w domu psa czy kota? Kto\u015b prowadzi statystyk\u0119? Dziwne? Niekoniecznie\u2026<\/p>\n\n\n\n<h2>Choroby wsp\u00f3\u0142istniej\u0105ce<\/h2>\n\n\n\n<p>Codziennie s\u0142yszymy o ofiarach, kt\u00f3re nie s\u0105 uj\u0119te w nieszcz\u0119snych statystykach a jako przyczyn\u0119 ich \u015bmierci wskazuje si\u0119 \u201echoroby wsp\u00f3\u0142istniej\u0105ce\u201d. Czy prze\u017cy\u0142yby, gdyby nie by\u0142y zara\u017cone COVID-19? Czy choroba\/y wsp\u00f3\u0142istniej\u0105ca\/e rozwin\u0119\u0142aby si\u0119 bez koronawirusa? Mo\u017ce warto dla pe\u0142nego obrazu poszerzy\u0107 tabelk\u0119 statystyk o dodatkow\u0105 rubryk\u0119 i te ofiary tak\u017ce w nich ujmowa\u0107?<\/p>\n\n\n\n<h2>Zaostrzenie ogranicze\u0144 i praw<\/h2>\n\n\n\n<p>Nie wszyscy powa\u017cnie traktuj\u0105 obostrzenia, ograniczenia, zakazy i nakazy. Osobisty stosunek do ich podstaw prawnych ma tu drugorz\u0119dne znaczenie albo i \u017cadne. Mo\u017cna zaakceptowa\u0107 pewn\u0105 odpowiedzialno\u015b\u0107 zbiorow\u0105 za czyje\u015b nie\u015bwiadome dzia\u0142anie i zachowanie ale nie ma miejsca na konsekwencje czyjego\u015b lenistwa, ignorancji i nara\u017cania zdrowia i \u017cycia innych.&nbsp;Zaostrzanie ogranicze\u0144 i praw nie mo\u017ce by\u0107 form\u0105 odpowiedzialno\u015bci zbiorowej za brak odpowiedzialno\u015bci jednostek.&nbsp;<\/p>\n\n\n\n<h2>Stany nadzwyczajne&nbsp;<\/h2>\n\n\n\n<p>Cz\u0119sto w mediach s\u0142ycha\u0107 nawo\u0142ania do wprowadzenia stanu nadzwyczajnego. Najcz\u0119\u015bciej mowa o stanie wyj\u0105tkowym, czasem stanie kl\u0119ski \u017cywio\u0142owej. Oczywi\u015bcie zagadnienie zosta\u0142o ju\u017c wykorzystane do prowadzenia walki politycznej, najcz\u0119\u015bciej w kwestii zbli\u017caj\u0105cych si\u0119 wybor\u00f3w prezydenckich.&nbsp;<\/p>\n\n\n\n<p>Analizuj\u0105c zapisy prawne dot. obu stan\u00f3w oraz sam\u0105 tre\u015b\u0107 ustaw, istnieje mo\u017cliwo\u015b\u0107 wprowadzenia ka\u017cdego z nich. Wyb\u00f3r nie jest jednak ju\u017c tak oczywisty. <\/p>\n\n\n\n<p>Stany nadzwyczajne pomagaj\u0105 realizowa\u0107 dzia\u0142ania przywracaj\u0105ce konstytucyjny ustr\u00f3j pa\u0144stwa, bezpiecze\u0144stwo obywateli lub porz\u0105dek publiczny, kiedy \u00f3w przywr\u00f3cenie stanu pierwotnego nie jest mo\u017cliwe przy u\u017cyciu zwyk\u0142ych \u015brodk\u00f3w konstytucyjnych.\u00a0<\/p>\n\n\n\n<p>Wprowadzenie stanu mo\u017ce si\u0119 wi\u0105za\u0107 z ograniczeniem wolno\u015bci i praw cz\u0142owieka i obywatela, zawieszeniem praw organizowania i przeprowadzania wszelkiego rodzaju zgromadze\u0144, imprez masowych, kulturalnych, artystycznych i rozrywkowych, nieb\u0119d\u0105cych imprezami masowymi, nakazaniem okresowego zaniechania prowadzenia dzia\u0142alno\u015bci gospodarczej, ograniczeniu dzia\u0142alno\u015bci edukacyjnej. Dzia\u0142ania policji mog\u0105 by\u0107 wsparte przez oddzia\u0142y i pododdzia\u0142y Si\u0142 Zbrojnych RP.\u00a0<\/p>\n\n\n\n<p><em>Podzi\u0119kowania dla prof. S\u0142awomira Zalewskiego za merytoryczne uwagi do powy\u017cszego opracowania. <\/em><br><\/p>\n","protected":false},"excerpt":{"rendered":"<p>Poni\u017cszy artyku\u0142 to zestaw pyta\u0144, w\u0105tpliwo\u015bci i wst\u0119pnych wniosk\u00f3w, zwi\u0105zanych z obecn\u0105 sytuacj\u0105 w Polsce w aspekcie zagro\u017cenia koronawirusem COVID-19. B\u0119d\u0105 pytania o badania naukowe, pytania o wnioski i rekomendacje na przysz\u0142o\u015b\u0107. Pyta\u0144 b\u0119dzie sporo, cze\u015b\u0107 bez oczywistej odpowiedzi, cze\u015b\u0107 mo\u017ce retoryczna.&nbsp; Po co te pytania i dane? Analiza poni\u017cszych zagadnie\u0144 powinna by\u0107 przyczynkiem do  &#8230;<\/p>\n","protected":false},"author":1,"featured_media":4223,"comment_status":"closed","ping_status":"open","sticky":false,"template":"","format":"standard","meta":[],"categories":[3,378],"tags":[423,284],"yoast_head":"<!-- This site is optimized with the Yoast SEO plugin v19.8 - https:\/\/yoast.com\/wordpress\/plugins\/seo\/ -->\n<title>COVID-19 w Polsce - pytania i w\u0105tpliwo\u015bci | MIL.link - edycja polska<\/title>\n<meta name=\"robots\" content=\"index, follow, max-snippet:-1, max-image-preview:large, max-video-preview:-1\" \/>\n<link rel=\"canonical\" href=\"https:\/\/mil.link\/pl\/covid-19-w-polsce-pytania-i-watpliwosci\/\" \/>\n<meta property=\"og:locale\" content=\"pl_PL\" \/>\n<meta property=\"og:type\" content=\"article\" \/>\n<meta property=\"og:title\" content=\"COVID-19 w Polsce - pytania i w\u0105tpliwo\u015bci | MIL.link - edycja polska\" \/>\n<meta property=\"og:description\" content=\"Poni\u017cszy artyku\u0142 to zestaw pyta\u0144, w\u0105tpliwo\u015bci i wst\u0119pnych wniosk\u00f3w, zwi\u0105zanych z obecn\u0105 sytuacj\u0105 w Polsce w aspekcie zagro\u017cenia koronawirusem COVID-19. B\u0119d\u0105 pytania o badania naukowe, pytania o wnioski i rekomendacje na przysz\u0142o\u015b\u0107. Pyta\u0144 b\u0119dzie sporo, cze\u015b\u0107 bez oczywistej odpowiedzi, cze\u015b\u0107 mo\u017ce retoryczna.&nbsp; Po co te pytania i dane? Analiza poni\u017cszych zagadnie\u0144 powinna by\u0107 przyczynkiem do ...\" \/>\n<meta property=\"og:url\" content=\"https:\/\/mil.link\/pl\/covid-19-w-polsce-pytania-i-watpliwosci\/\" \/>\n<meta property=\"og:site_name\" content=\"MIL.link - edycja polska\" \/>\n<meta property=\"article:publisher\" content=\"https:\/\/www.facebook.com\/mildotlink\/\" \/>\n<meta property=\"article:published_time\" content=\"2020-04-05T19:00:00+00:00\" \/>\n<meta property=\"article:modified_time\" content=\"2020-04-07T19:21:42+00:00\" \/>\n<meta property=\"og:image\" content=\"https:\/\/mil.link\/pl\/wp-content\/uploads\/2020\/04\/female-epidemiologist-using-medical-sample-test-tu-BUERTW8-scaled.jpg\" \/>\n\t<meta property=\"og:image:width\" content=\"2560\" \/>\n\t<meta property=\"og:image:height\" content=\"1707\" \/>\n\t<meta property=\"og:image:type\" content=\"image\/jpeg\" \/>\n<meta name=\"author\" content=\"Artur Dubiel\" \/>\n<meta name=\"twitter:card\" content=\"summary_large_image\" \/>\n<meta name=\"twitter:creator\" content=\"@mildotlink\" \/>\n<meta name=\"twitter:site\" content=\"@mildotlink\" \/>\n<meta name=\"twitter:label1\" content=\"Napisane przez\" \/>\n\t<meta name=\"twitter:data1\" content=\"Artur Dubiel\" \/>\n\t<meta name=\"twitter:label2\" content=\"Szacowany czas czytania\" \/>\n\t<meta name=\"twitter:data2\" content=\"5 minut\" \/>\n<script type=\"application\/ld+json\" class=\"yoast-schema-graph\">{\"@context\":\"https:\/\/schema.org\",\"@graph\":[{\"@type\":\"Article\",\"@id\":\"https:\/\/mil.link\/pl\/covid-19-w-polsce-pytania-i-watpliwosci\/#article\",\"isPartOf\":{\"@id\":\"https:\/\/mil.link\/pl\/covid-19-w-polsce-pytania-i-watpliwosci\/\"},\"author\":{\"name\":\"Artur Dubiel\",\"@id\":\"https:\/\/mil.link\/pl\/#\/schema\/person\/fe18810c4c2ac9abc5735d0b0ce4881a\"},\"headline\":\"COVID-19 w Polsce &#8211; pytania i w\u0105tpliwo\u015bci\",\"datePublished\":\"2020-04-05T19:00:00+00:00\",\"dateModified\":\"2020-04-07T19:21:42+00:00\",\"mainEntityOfPage\":{\"@id\":\"https:\/\/mil.link\/pl\/covid-19-w-polsce-pytania-i-watpliwosci\/\"},\"wordCount\":966,\"publisher\":{\"@id\":\"https:\/\/mil.link\/pl\/#organization\"},\"keywords\":[\"koronawirus\",\"strategia\"],\"articleSection\":[\"Bezpiecze\u0144stwo\",\"featured\"],\"inLanguage\":\"pl-PL\"},{\"@type\":\"WebPage\",\"@id\":\"https:\/\/mil.link\/pl\/covid-19-w-polsce-pytania-i-watpliwosci\/\",\"url\":\"https:\/\/mil.link\/pl\/covid-19-w-polsce-pytania-i-watpliwosci\/\",\"name\":\"COVID-19 w Polsce - pytania i w\u0105tpliwo\u015bci | MIL.link - edycja polska\",\"isPartOf\":{\"@id\":\"https:\/\/mil.link\/pl\/#website\"},\"datePublished\":\"2020-04-05T19:00:00+00:00\",\"dateModified\":\"2020-04-07T19:21:42+00:00\",\"breadcrumb\":{\"@id\":\"https:\/\/mil.link\/pl\/covid-19-w-polsce-pytania-i-watpliwosci\/#breadcrumb\"},\"inLanguage\":\"pl-PL\",\"potentialAction\":[{\"@type\":\"ReadAction\",\"target\":[\"https:\/\/mil.link\/pl\/covid-19-w-polsce-pytania-i-watpliwosci\/\"]}]},{\"@type\":\"BreadcrumbList\",\"@id\":\"https:\/\/mil.link\/pl\/covid-19-w-polsce-pytania-i-watpliwosci\/#breadcrumb\",\"itemListElement\":[{\"@type\":\"ListItem\",\"position\":1,\"name\":\"Strona g\u0142\u00f3wna\",\"item\":\"https:\/\/mil.link\/pl\/\"},{\"@type\":\"ListItem\",\"position\":2,\"name\":\"COVID-19 w Polsce &#8211; pytania i w\u0105tpliwo\u015bci\"}]},{\"@type\":\"WebSite\",\"@id\":\"https:\/\/mil.link\/pl\/#website\",\"url\":\"https:\/\/mil.link\/pl\/\",\"name\":\"MIL.link - edycja polska\",\"description\":\"\",\"publisher\":{\"@id\":\"https:\/\/mil.link\/pl\/#organization\"},\"potentialAction\":[{\"@type\":\"SearchAction\",\"target\":{\"@type\":\"EntryPoint\",\"urlTemplate\":\"https:\/\/mil.link\/pl\/?s={search_term_string}\"},\"query-input\":\"required name=search_term_string\"}],\"inLanguage\":\"pl-PL\"},{\"@type\":\"Organization\",\"@id\":\"https:\/\/mil.link\/pl\/#organization\",\"name\":\"mil.link\",\"url\":\"https:\/\/mil.link\/pl\/\",\"sameAs\":[\"https:\/\/www.facebook.com\/mildotlink\/\",\"https:\/\/twitter.com\/mildotlink\"],\"logo\":{\"@type\":\"ImageObject\",\"inLanguage\":\"pl-PL\",\"@id\":\"https:\/\/mil.link\/pl\/#\/schema\/logo\/image\/\",\"url\":\"https:\/\/mil.link\/pl\/wp-content\/uploads\/2018\/04\/millink.png\",\"contentUrl\":\"https:\/\/mil.link\/pl\/wp-content\/uploads\/2018\/04\/millink.png\",\"width\":317,\"height\":93,\"caption\":\"mil.link\"},\"image\":{\"@id\":\"https:\/\/mil.link\/pl\/#\/schema\/logo\/image\/\"}},{\"@type\":\"Person\",\"@id\":\"https:\/\/mil.link\/pl\/#\/schema\/person\/fe18810c4c2ac9abc5735d0b0ce4881a\",\"name\":\"Artur Dubiel\",\"description\":\"Pracownik naukowo - dydaktyczny, wydawca portalu MIL.link oraz podcastu \\\"Na celowniku\\\", koordynator Europejskiego Instytutu Bezpiecze\u0144stwa, asystent w Instytucie Prawa i Administracji WSB, politolog, weteran.\",\"sameAs\":[\"https:\/\/artur.tel\"],\"url\":\"https:\/\/mil.link\/pl\/author\/admin\/\"}]}<\/script>\n<!-- \/ Yoast SEO plugin. -->","yoast_head_json":{"title":"COVID-19 w Polsce - pytania i w\u0105tpliwo\u015bci | MIL.link - edycja polska","robots":{"index":"index","follow":"follow","max-snippet":"max-snippet:-1","max-image-preview":"max-image-preview:large","max-video-preview":"max-video-preview:-1"},"canonical":"https:\/\/mil.link\/pl\/covid-19-w-polsce-pytania-i-watpliwosci\/","og_locale":"pl_PL","og_type":"article","og_title":"COVID-19 w Polsce - pytania i w\u0105tpliwo\u015bci | MIL.link - edycja polska","og_description":"Poni\u017cszy artyku\u0142 to zestaw pyta\u0144, w\u0105tpliwo\u015bci i wst\u0119pnych wniosk\u00f3w, zwi\u0105zanych z obecn\u0105 sytuacj\u0105 w Polsce w aspekcie zagro\u017cenia koronawirusem COVID-19. B\u0119d\u0105 pytania o badania naukowe, pytania o wnioski i rekomendacje na przysz\u0142o\u015b\u0107. Pyta\u0144 b\u0119dzie sporo, cze\u015b\u0107 bez oczywistej odpowiedzi, cze\u015b\u0107 mo\u017ce retoryczna.&nbsp; Po co te pytania i dane? Analiza poni\u017cszych zagadnie\u0144 powinna by\u0107 przyczynkiem do ...","og_url":"https:\/\/mil.link\/pl\/covid-19-w-polsce-pytania-i-watpliwosci\/","og_site_name":"MIL.link - edycja polska","article_publisher":"https:\/\/www.facebook.com\/mildotlink\/","article_published_time":"2020-04-05T19:00:00+00:00","article_modified_time":"2020-04-07T19:21:42+00:00","og_image":[{"width":2560,"height":1707,"url":"https:\/\/mil.link\/pl\/wp-content\/uploads\/2020\/04\/female-epidemiologist-using-medical-sample-test-tu-BUERTW8-scaled.jpg","type":"image\/jpeg"}],"author":"Artur Dubiel","twitter_card":"summary_large_image","twitter_creator":"@mildotlink","twitter_site":"@mildotlink","twitter_misc":{"Napisane przez":"Artur Dubiel","Szacowany czas czytania":"5 minut"},"schema":{"@context":"https:\/\/schema.org","@graph":[{"@type":"Article","@id":"https:\/\/mil.link\/pl\/covid-19-w-polsce-pytania-i-watpliwosci\/#article","isPartOf":{"@id":"https:\/\/mil.link\/pl\/covid-19-w-polsce-pytania-i-watpliwosci\/"},"author":{"name":"Artur Dubiel","@id":"https:\/\/mil.link\/pl\/#\/schema\/person\/fe18810c4c2ac9abc5735d0b0ce4881a"},"headline":"COVID-19 w Polsce &#8211; pytania i w\u0105tpliwo\u015bci","datePublished":"2020-04-05T19:00:00+00:00","dateModified":"2020-04-07T19:21:42+00:00","mainEntityOfPage":{"@id":"https:\/\/mil.link\/pl\/covid-19-w-polsce-pytania-i-watpliwosci\/"},"wordCount":966,"publisher":{"@id":"https:\/\/mil.link\/pl\/#organization"},"keywords":["koronawirus","strategia"],"articleSection":["Bezpiecze\u0144stwo","featured"],"inLanguage":"pl-PL"},{"@type":"WebPage","@id":"https:\/\/mil.link\/pl\/covid-19-w-polsce-pytania-i-watpliwosci\/","url":"https:\/\/mil.link\/pl\/covid-19-w-polsce-pytania-i-watpliwosci\/","name":"COVID-19 w Polsce - pytania i w\u0105tpliwo\u015bci | MIL.link - edycja polska","isPartOf":{"@id":"https:\/\/mil.link\/pl\/#website"},"datePublished":"2020-04-05T19:00:00+00:00","dateModified":"2020-04-07T19:21:42+00:00","breadcrumb":{"@id":"https:\/\/mil.link\/pl\/covid-19-w-polsce-pytania-i-watpliwosci\/#breadcrumb"},"inLanguage":"pl-PL","potentialAction":[{"@type":"ReadAction","target":["https:\/\/mil.link\/pl\/covid-19-w-polsce-pytania-i-watpliwosci\/"]}]},{"@type":"BreadcrumbList","@id":"https:\/\/mil.link\/pl\/covid-19-w-polsce-pytania-i-watpliwosci\/#breadcrumb","itemListElement":[{"@type":"ListItem","position":1,"name":"Strona g\u0142\u00f3wna","item":"https:\/\/mil.link\/pl\/"},{"@type":"ListItem","position":2,"name":"COVID-19 w Polsce &#8211; pytania i w\u0105tpliwo\u015bci"}]},{"@type":"WebSite","@id":"https:\/\/mil.link\/pl\/#website","url":"https:\/\/mil.link\/pl\/","name":"MIL.link - edycja polska","description":"","publisher":{"@id":"https:\/\/mil.link\/pl\/#organization"},"potentialAction":[{"@type":"SearchAction","target":{"@type":"EntryPoint","urlTemplate":"https:\/\/mil.link\/pl\/?s={search_term_string}"},"query-input":"required name=search_term_string"}],"inLanguage":"pl-PL"},{"@type":"Organization","@id":"https:\/\/mil.link\/pl\/#organization","name":"mil.link","url":"https:\/\/mil.link\/pl\/","sameAs":["https:\/\/www.facebook.com\/mildotlink\/","https:\/\/twitter.com\/mildotlink"],"logo":{"@type":"ImageObject","inLanguage":"pl-PL","@id":"https:\/\/mil.link\/pl\/#\/schema\/logo\/image\/","url":"https:\/\/mil.link\/pl\/wp-content\/uploads\/2018\/04\/millink.png","contentUrl":"https:\/\/mil.link\/pl\/wp-content\/uploads\/2018\/04\/millink.png","width":317,"height":93,"caption":"mil.link"},"image":{"@id":"https:\/\/mil.link\/pl\/#\/schema\/logo\/image\/"}},{"@type":"Person","@id":"https:\/\/mil.link\/pl\/#\/schema\/person\/fe18810c4c2ac9abc5735d0b0ce4881a","name":"Artur Dubiel","description":"Pracownik naukowo - dydaktyczny, wydawca portalu MIL.link oraz podcastu \"Na celowniku\", koordynator Europejskiego Instytutu Bezpiecze\u0144stwa, asystent w Instytucie Prawa i Administracji WSB, politolog, weteran.","sameAs":["https:\/\/artur.tel"],"url":"https:\/\/mil.link\/pl\/author\/admin\/"}]}},"_links":{"self":[{"href":"https:\/\/mil.link\/pl\/wp-json\/wp\/v2\/posts\/4222"}],"collection":[{"href":"https:\/\/mil.link\/pl\/wp-json\/wp\/v2\/posts"}],"about":[{"href":"https:\/\/mil.link\/pl\/wp-json\/wp\/v2\/types\/post"}],"author":[{"embeddable":true,"href":"https:\/\/mil.link\/pl\/wp-json\/wp\/v2\/users\/1"}],"replies":[{"embeddable":true,"href":"https:\/\/mil.link\/pl\/wp-json\/wp\/v2\/comments?post=4222"}],"version-history":[{"count":3,"href":"https:\/\/mil.link\/pl\/wp-json\/wp\/v2\/posts\/4222\/revisions"}],"predecessor-version":[{"id":4226,"href":"https:\/\/mil.link\/pl\/wp-json\/wp\/v2\/posts\/4222\/revisions\/4226"}],"wp:featuredmedia":[{"embeddable":true,"href":"https:\/\/mil.link\/pl\/wp-json\/wp\/v2\/media\/4223"}],"wp:attachment":[{"href":"https:\/\/mil.link\/pl\/wp-json\/wp\/v2\/media?parent=4222"}],"wp:term":[{"taxonomy":"category","embeddable":true,"href":"https:\/\/mil.link\/pl\/wp-json\/wp\/v2\/categories?post=4222"},{"taxonomy":"post_tag","embeddable":true,"href":"https:\/\/mil.link\/pl\/wp-json\/wp\/v2\/tags?post=4222"}],"curies":[{"name":"wp","href":"https:\/\/api.w.org\/{rel}","templated":true}]}}